{"id":1490,"date":"2022-05-16T10:00:40","date_gmt":"2022-05-16T10:00:40","guid":{"rendered":"https:\/\/www.arpaz.pt\/portal\/?p=1490"},"modified":"2022-05-18T21:51:50","modified_gmt":"2022-05-18T21:51:50","slug":"centro-de-interpretacao-da-argemela-preserva-memoria-e-identidade-das-gentes-do-barco","status":"publish","type":"post","link":"https:\/\/www.arpaz.pt\/portal\/centro-de-interpretacao-da-argemela-preserva-memoria-e-identidade-das-gentes-do-barco\/","title":{"rendered":"Centro de Interpreta\u00e7\u00e3o da Argemela preserva mem\u00f3ria e identidade das gentes do Barco"},"content":{"rendered":"<p><strong>O <a href=\"https:\/\/www.argemela.pt\">Centro de Interpreta\u00e7\u00e3o da Argemela<\/a> \u00e9 o mais recente detentor da mem\u00f3ria e identidade das terras e das gentes que se fixaram em torno do Rio Z\u00eazere e da Serra da Argemela.<\/strong><\/p>\n<p style=\"font-weight: 400;\">Situado no Barco, onde outrora teve lugar a \u201cvelha loja do Senhor Albano\u201d, nasceu este espa\u00e7o, por iniciativa da ARPAZ e comunidade local, e foi ontem inaugurado, a prop\u00f3sito das comemora\u00e7\u00f5es do 48\u00ba anivers\u00e1rio do 25 de Abril.<\/p>\n<p style=\"font-weight: 400;\">O Centro inclui, entre outras, atividades de investiga\u00e7\u00e3o, inventaria\u00e7\u00e3o, documenta\u00e7\u00e3o, conserva\u00e7\u00e3o, interpreta\u00e7\u00e3o e exposi\u00e7\u00e3o de diversos bens imateriais, nomeadamente etnogr\u00e1ficos, hist\u00f3ricos e t\u00e9cnicos, relacionados com a serra da Argemela, o rio Z\u00eazere e a localidade do Barco.<\/p>\n<p style=\"font-weight: 400;\">A exposi\u00e7\u00e3o que este Centro acolhe organiza-se em torno dos temas \u201cA Serra e as Minas\u201d, \u201cA Terra e as Gentes\u201d e \u201cO Rio e as Margens\u201d.<\/p>\n<p style=\"font-weight: 400;\">O presidente da Uni\u00e3o de Freguesias do Barco e Coutada, V\u00edtor Fernandes, congratula esta iniciativa que \u201crecolhe a cultura, viv\u00eancias e pessoas da nossa terra, desde o passado at\u00e9 \u00e0 atualidade\u201d. O autarca aproveitou ainda para destacar, uma vez mais, que \u201c\u00e9 vontade da popula\u00e7\u00e3o que aquele monte (Argemela), ali se mantenha, intacto e grandioso\u201d, referindo-se \u00e0 explora\u00e7\u00e3o de l\u00edtio.<\/p>\n<p style=\"font-weight: 400;\">Jos\u00e9 Joaquim Antunes, presidente da dire\u00e7\u00e3o da ARPAZ, explica que este Centro \u201cnasceu de um sonho\u201d e que pretende \u201cconservar a hist\u00f3ria\u201d desta terra, com o devido enquadramento, e desfazer alguns mitos.<\/p>\n<p style=\"font-weight: 400;\">Destacou que a obra s\u00f3 foi poss\u00edvel com o contributo de todos, sendo que a \u201cparte mais f\u00e1cil foi constru\u00ed-lo, mais dif\u00edcil \u00e9 saber o que se l\u00e1 exp\u00f5e e como\u201d.<\/p>\n<p style=\"font-weight: 400;\">Durante a inaugura\u00e7\u00e3o, anunciou a cria\u00e7\u00e3o de um cat\u00e1logo e revista do Centro de Interpreta\u00e7\u00e3o, deixando a garantia de que o Centro continuar\u00e1 a ser atualizado com exposi\u00e7\u00f5es tempor\u00e1rias.<\/p>\n<p style=\"font-weight: 400;\">O presidente da dire\u00e7\u00e3o da ADERES e vereador na CMC, Jos\u00e9 Armando Serra dos Reis, no seu discurso, defendeu a regionaliza\u00e7\u00e3o uma vez que este projeto \u00e9 mais uma prova de que \u201clocalmente se faz melhor, mais r\u00e1pido e com menos dinheiro\u201d.<\/p>\n<p style=\"font-weight: 400;\">V\u00edtor Pereira, presidente da CMC, enfatizou a import\u00e2ncia deste Centro Interpretativo que \u201cmaterializa a origem das suas gentes\u201d. \u201cUm povo sem mem\u00f3ria n\u00e3o perspetiva nem lan\u00e7a bases para o futuro\u201d, garantiu.<\/p>\n<p style=\"font-weight: 400;\">O autarca assegurou estar \u201csempre atento \u00e0s reivindica\u00e7\u00f5es dos presidentes das juntas de freguesia porque s\u00e3o os mais pr\u00f3ximos e os que melhor sabem das dificuldades\u201d.<\/p>\n<p style=\"font-weight: 400;\">Este Centro que \u201cvem valorizar o sul do concelho da Covilh\u00e3 e esta freguesia\u201d e vai integrar a rede de museus municipais e de museus mineiros.<\/p>\n<p style=\"text-align: right;\"><a href=\"https:\/\/radio-covilha.pt\/2022\/04\/cultura\/centro-de-interpretacao-da-argemela-preserva-memoria-e-identidade-das-gentes-do-barco\/?fbclid=IwAR2v7NBwYAhmtT66BJSq7BddLlXm1JWy9iuB5YLFJj_rPriWEeIIDFEN3F8\"><em>In R\u00e1dio Covilh\u00e3<\/em><\/a><\/p>\n<h4>Galeria de Fotos<\/h4>\n<div id='gallery-1' class='gallery galleryid-1490 gallery-columns-4 gallery-size-thumbnail'><figure class='gallery-item'>\n\t\t\t<div class='gallery-icon portrait'>\n\t\t\t\t<a href='https:\/\/www.arpaz.pt\/portal\/centro-de-interpretacao-da-argemela-preserva-memoria-e-identidade-das-gentes-do-barco\/inaugcintarg23abril22-2\/'><img loading=\"lazy\" decoding=\"async\" width=\"150\" height=\"150\" src=\"https:\/\/www.arpaz.pt\/portal\/wp-content\/uploads\/2022\/05\/InaugCIntArg23Abril22-2-150x150.jpg\" class=\"attachment-thumbnail size-thumbnail\" alt=\"\" srcset=\"https:\/\/www.arpaz.pt\/portal\/wp-content\/uploads\/2022\/05\/InaugCIntArg23Abril22-2-150x150.jpg 150w, https:\/\/www.arpaz.pt\/portal\/wp-content\/uploads\/2022\/05\/InaugCIntArg23Abril22-2-300x300.jpg 300w, https:\/\/www.arpaz.pt\/portal\/wp-content\/uploads\/2022\/05\/InaugCIntArg23Abril22-2-100x100.jpg 100w\" sizes=\"auto, (max-width: 150px) 100vw, 150px\" \/><\/a>\n\t\t\t<\/div><\/figure><figure class='gallery-item'>\n\t\t\t<div class='gallery-icon landscape'>\n\t\t\t\t<a href='https:\/\/www.arpaz.pt\/portal\/centro-de-interpretacao-da-argemela-preserva-memoria-e-identidade-das-gentes-do-barco\/inaugcintarg23abril22-3\/'><img loading=\"lazy\" decoding=\"async\" width=\"150\" height=\"150\" src=\"https:\/\/www.arpaz.pt\/portal\/wp-content\/uploads\/2022\/05\/InaugCIntArg23Abril22-3-150x150.jpg\" class=\"attachment-thumbnail size-thumbnail\" alt=\"\" srcset=\"https:\/\/www.arpaz.pt\/portal\/wp-content\/uploads\/2022\/05\/InaugCIntArg23Abril22-3-150x150.jpg 150w, https:\/\/www.arpaz.pt\/portal\/wp-content\/uploads\/2022\/05\/InaugCIntArg23Abril22-3-300x300.jpg 300w, https:\/\/www.arpaz.pt\/portal\/wp-content\/uploads\/2022\/05\/InaugCIntArg23Abril22-3-100x100.jpg 100w\" sizes=\"auto, (max-width: 150px) 100vw, 150px\" \/><\/a>\n\t\t\t<\/div><\/figure><figure class='gallery-item'>\n\t\t\t<div class='gallery-icon landscape'>\n\t\t\t\t<a href='https:\/\/www.arpaz.pt\/portal\/centro-de-interpretacao-da-argemela-preserva-memoria-e-identidade-das-gentes-do-barco\/inaugcintarg23abril22-4\/'><img loading=\"lazy\" decoding=\"async\" width=\"150\" height=\"150\" src=\"https:\/\/www.arpaz.pt\/portal\/wp-content\/uploads\/2022\/05\/InaugCIntArg23Abril22-4-150x150.jpg\" class=\"attachment-thumbnail size-thumbnail\" alt=\"\" srcset=\"https:\/\/www.arpaz.pt\/portal\/wp-content\/uploads\/2022\/05\/InaugCIntArg23Abril22-4-150x150.jpg 150w, https:\/\/www.arpaz.pt\/portal\/wp-content\/uploads\/2022\/05\/InaugCIntArg23Abril22-4-300x300.jpg 300w, https:\/\/www.arpaz.pt\/portal\/wp-content\/uploads\/2022\/05\/InaugCIntArg23Abril22-4-100x100.jpg 100w\" sizes=\"auto, (max-width: 150px) 100vw, 150px\" \/><\/a>\n\t\t\t<\/div><\/figure><figure class='gallery-item'>\n\t\t\t<div class='gallery-icon landscape'>\n\t\t\t\t<a href='https:\/\/www.arpaz.pt\/portal\/centro-de-interpretacao-da-argemela-preserva-memoria-e-identidade-das-gentes-do-barco\/inaugcintarg23abril22-5\/'><img loading=\"lazy\" decoding=\"async\" width=\"150\" height=\"150\" src=\"https:\/\/www.arpaz.pt\/portal\/wp-content\/uploads\/2022\/05\/InaugCIntArg23Abril22-5-150x150.jpg\" class=\"attachment-thumbnail size-thumbnail\" alt=\"\" srcset=\"https:\/\/www.arpaz.pt\/portal\/wp-content\/uploads\/2022\/05\/InaugCIntArg23Abril22-5-150x150.jpg 150w, https:\/\/www.arpaz.pt\/portal\/wp-content\/uploads\/2022\/05\/InaugCIntArg23Abril22-5-300x300.jpg 300w, https:\/\/www.arpaz.pt\/portal\/wp-content\/uploads\/2022\/05\/InaugCIntArg23Abril22-5-100x100.jpg 100w\" sizes=\"auto, (max-width: 150px) 100vw, 150px\" \/><\/a>\n\t\t\t<\/div><\/figure><figure class='gallery-item'>\n\t\t\t<div class='gallery-icon landscape'>\n\t\t\t\t<a href='https:\/\/www.arpaz.pt\/portal\/centro-de-interpretacao-da-argemela-preserva-memoria-e-identidade-das-gentes-do-barco\/inaugcintarg23abril22-6\/'><img loading=\"lazy\" decoding=\"async\" width=\"150\" height=\"150\" src=\"https:\/\/www.arpaz.pt\/portal\/wp-content\/uploads\/2022\/05\/InaugCIntArg23Abril22-6-150x150.jpg\" class=\"attachment-thumbnail size-thumbnail\" alt=\"\" srcset=\"https:\/\/www.arpaz.pt\/portal\/wp-content\/uploads\/2022\/05\/InaugCIntArg23Abril22-6-150x150.jpg 150w, https:\/\/www.arpaz.pt\/portal\/wp-content\/uploads\/2022\/05\/InaugCIntArg23Abril22-6-300x300.jpg 300w, https:\/\/www.arpaz.pt\/portal\/wp-content\/uploads\/2022\/05\/InaugCIntArg23Abril22-6-100x100.jpg 100w\" sizes=\"auto, (max-width: 150px) 100vw, 150px\" \/><\/a>\n\t\t\t<\/div><\/figure><figure class='gallery-item'>\n\t\t\t<div class='gallery-icon landscape'>\n\t\t\t\t<a href='https:\/\/www.arpaz.pt\/portal\/centro-de-interpretacao-da-argemela-preserva-memoria-e-identidade-das-gentes-do-barco\/inaugcintarg23abril22-7\/'><img loading=\"lazy\" decoding=\"async\" width=\"150\" height=\"150\" src=\"https:\/\/www.arpaz.pt\/portal\/wp-content\/uploads\/2022\/05\/InaugCIntArg23Abril22-7-150x150.jpg\" class=\"attachment-thumbnail size-thumbnail\" alt=\"\" srcset=\"https:\/\/www.arpaz.pt\/portal\/wp-content\/uploads\/2022\/05\/InaugCIntArg23Abril22-7-150x150.jpg 150w, https:\/\/www.arpaz.pt\/portal\/wp-content\/uploads\/2022\/05\/InaugCIntArg23Abril22-7-300x300.jpg 300w, https:\/\/www.arpaz.pt\/portal\/wp-content\/uploads\/2022\/05\/InaugCIntArg23Abril22-7-100x100.jpg 100w\" sizes=\"auto, (max-width: 150px) 100vw, 150px\" \/><\/a>\n\t\t\t<\/div><\/figure><figure class='gallery-item'>\n\t\t\t<div class='gallery-icon portrait'>\n\t\t\t\t<a href='https:\/\/www.arpaz.pt\/portal\/centro-de-interpretacao-da-argemela-preserva-memoria-e-identidade-das-gentes-do-barco\/inaugcintarg23abril22-8\/'><img loading=\"lazy\" decoding=\"async\" width=\"150\" height=\"150\" src=\"https:\/\/www.arpaz.pt\/portal\/wp-content\/uploads\/2022\/05\/InaugCIntArg23Abril22-8-150x150.jpg\" class=\"attachment-thumbnail size-thumbnail\" alt=\"\" srcset=\"https:\/\/www.arpaz.pt\/portal\/wp-content\/uploads\/2022\/05\/InaugCIntArg23Abril22-8-150x150.jpg 150w, https:\/\/www.arpaz.pt\/portal\/wp-content\/uploads\/2022\/05\/InaugCIntArg23Abril22-8-447x450.jpg 447w, https:\/\/www.arpaz.pt\/portal\/wp-content\/uploads\/2022\/05\/InaugCIntArg23Abril22-8-300x300.jpg 300w, https:\/\/www.arpaz.pt\/portal\/wp-content\/uploads\/2022\/05\/InaugCIntArg23Abril22-8-100x100.jpg 100w\" sizes=\"auto, (max-width: 150px) 100vw, 150px\" \/><\/a>\n\t\t\t<\/div><\/figure><figure class='gallery-item'>\n\t\t\t<div class='gallery-icon landscape'>\n\t\t\t\t<a href='https:\/\/www.arpaz.pt\/portal\/centro-de-interpretacao-da-argemela-preserva-memoria-e-identidade-das-gentes-do-barco\/inaugcintarg23abril22-9\/'><img loading=\"lazy\" decoding=\"async\" width=\"150\" height=\"150\" src=\"https:\/\/www.arpaz.pt\/portal\/wp-content\/uploads\/2022\/05\/InaugCIntArg23Abril22-9-150x150.jpg\" class=\"attachment-thumbnail size-thumbnail\" alt=\"\" srcset=\"https:\/\/www.arpaz.pt\/portal\/wp-content\/uploads\/2022\/05\/InaugCIntArg23Abril22-9-150x150.jpg 150w, https:\/\/www.arpaz.pt\/portal\/wp-content\/uploads\/2022\/05\/InaugCIntArg23Abril22-9-300x300.jpg 300w, https:\/\/www.arpaz.pt\/portal\/wp-content\/uploads\/2022\/05\/InaugCIntArg23Abril22-9-100x100.jpg 100w\" sizes=\"auto, (max-width: 150px) 100vw, 150px\" \/><\/a>\n\t\t\t<\/div><\/figure><figure class='gallery-item'>\n\t\t\t<div class='gallery-icon portrait'>\n\t\t\t\t<a href='https:\/\/www.arpaz.pt\/portal\/centro-de-interpretacao-da-argemela-preserva-memoria-e-identidade-das-gentes-do-barco\/inaugcintarg23abril22-11\/'><img loading=\"lazy\" decoding=\"async\" width=\"150\" height=\"150\" src=\"https:\/\/www.arpaz.pt\/portal\/wp-content\/uploads\/2022\/05\/InaugCIntArg23Abril22-11-150x150.jpg\" class=\"attachment-thumbnail size-thumbnail\" alt=\"\" srcset=\"https:\/\/www.arpaz.pt\/portal\/wp-content\/uploads\/2022\/05\/InaugCIntArg23Abril22-11-150x150.jpg 150w, https:\/\/www.arpaz.pt\/portal\/wp-content\/uploads\/2022\/05\/InaugCIntArg23Abril22-11-300x300.jpg 300w, https:\/\/www.arpaz.pt\/portal\/wp-content\/uploads\/2022\/05\/InaugCIntArg23Abril22-11-100x100.jpg 100w\" sizes=\"auto, (max-width: 150px) 100vw, 150px\" \/><\/a>\n\t\t\t<\/div><\/figure><figure class='gallery-item'>\n\t\t\t<div class='gallery-icon landscape'>\n\t\t\t\t<a href='https:\/\/www.arpaz.pt\/portal\/centro-de-interpretacao-da-argemela-preserva-memoria-e-identidade-das-gentes-do-barco\/inaugcintarg23abril22-12\/'><img loading=\"lazy\" decoding=\"async\" width=\"150\" height=\"150\" src=\"https:\/\/www.arpaz.pt\/portal\/wp-content\/uploads\/2022\/05\/InaugCIntArg23Abril22-12-150x150.jpg\" class=\"attachment-thumbnail size-thumbnail\" alt=\"\" srcset=\"https:\/\/www.arpaz.pt\/portal\/wp-content\/uploads\/2022\/05\/InaugCIntArg23Abril22-12-150x150.jpg 150w, https:\/\/www.arpaz.pt\/portal\/wp-content\/uploads\/2022\/05\/InaugCIntArg23Abril22-12-300x300.jpg 300w, https:\/\/www.arpaz.pt\/portal\/wp-content\/uploads\/2022\/05\/InaugCIntArg23Abril22-12-100x100.jpg 100w\" sizes=\"auto, (max-width: 150px) 100vw, 150px\" \/><\/a>\n\t\t\t<\/div><\/figure><figure class='gallery-item'>\n\t\t\t<div class='gallery-icon landscape'>\n\t\t\t\t<a href='https:\/\/www.arpaz.pt\/portal\/centro-de-interpretacao-da-argemela-preserva-memoria-e-identidade-das-gentes-do-barco\/inaugcintarg23abril22-13\/'><img loading=\"lazy\" decoding=\"async\" width=\"150\" height=\"150\" src=\"https:\/\/www.arpaz.pt\/portal\/wp-content\/uploads\/2022\/05\/InaugCIntArg23Abril22-13-150x150.jpg\" class=\"attachment-thumbnail size-thumbnail\" alt=\"\" srcset=\"https:\/\/www.arpaz.pt\/portal\/wp-content\/uploads\/2022\/05\/InaugCIntArg23Abril22-13-150x150.jpg 150w, https:\/\/www.arpaz.pt\/portal\/wp-content\/uploads\/2022\/05\/InaugCIntArg23Abril22-13-300x300.jpg 300w, https:\/\/www.arpaz.pt\/portal\/wp-content\/uploads\/2022\/05\/InaugCIntArg23Abril22-13-100x100.jpg 100w\" sizes=\"auto, (max-width: 150px) 100vw, 150px\" \/><\/a>\n\t\t\t<\/div><\/figure><figure class='gallery-item'>\n\t\t\t<div class='gallery-icon landscape'>\n\t\t\t\t<a href='https:\/\/www.arpaz.pt\/portal\/centro-de-interpretacao-da-argemela-preserva-memoria-e-identidade-das-gentes-do-barco\/inaugcintarg23abril22-14\/'><img loading=\"lazy\" decoding=\"async\" width=\"150\" height=\"150\" src=\"https:\/\/www.arpaz.pt\/portal\/wp-content\/uploads\/2022\/05\/InaugCIntArg23Abril22-14-150x150.jpg\" class=\"attachment-thumbnail size-thumbnail\" alt=\"\" srcset=\"https:\/\/www.arpaz.pt\/portal\/wp-content\/uploads\/2022\/05\/InaugCIntArg23Abril22-14-150x150.jpg 150w, https:\/\/www.arpaz.pt\/portal\/wp-content\/uploads\/2022\/05\/InaugCIntArg23Abril22-14-300x300.jpg 300w, https:\/\/www.arpaz.pt\/portal\/wp-content\/uploads\/2022\/05\/InaugCIntArg23Abril22-14-100x100.jpg 100w\" sizes=\"auto, (max-width: 150px) 100vw, 150px\" \/><\/a>\n\t\t\t<\/div><\/figure><figure class='gallery-item'>\n\t\t\t<div class='gallery-icon landscape'>\n\t\t\t\t<a href='https:\/\/www.arpaz.pt\/portal\/centro-de-interpretacao-da-argemela-preserva-memoria-e-identidade-das-gentes-do-barco\/inaugcintarg23abril22-15\/'><img loading=\"lazy\" decoding=\"async\" width=\"150\" height=\"150\" src=\"https:\/\/www.arpaz.pt\/portal\/wp-content\/uploads\/2022\/05\/InaugCIntArg23Abril22-15-150x150.jpg\" class=\"attachment-thumbnail size-thumbnail\" alt=\"\" srcset=\"https:\/\/www.arpaz.pt\/portal\/wp-content\/uploads\/2022\/05\/InaugCIntArg23Abril22-15-150x150.jpg 150w, https:\/\/www.arpaz.pt\/portal\/wp-content\/uploads\/2022\/05\/InaugCIntArg23Abril22-15-300x300.jpg 300w, https:\/\/www.arpaz.pt\/portal\/wp-content\/uploads\/2022\/05\/InaugCIntArg23Abril22-15-100x100.jpg 100w\" sizes=\"auto, (max-width: 150px) 100vw, 150px\" \/><\/a>\n\t\t\t<\/div><\/figure><figure class='gallery-item'>\n\t\t\t<div class='gallery-icon landscape'>\n\t\t\t\t<a href='https:\/\/www.arpaz.pt\/portal\/centro-de-interpretacao-da-argemela-preserva-memoria-e-identidade-das-gentes-do-barco\/inaugcintarg23abril22-16\/'><img loading=\"lazy\" decoding=\"async\" width=\"150\" height=\"150\" src=\"https:\/\/www.arpaz.pt\/portal\/wp-content\/uploads\/2022\/05\/InaugCIntArg23Abril22-16-150x150.jpg\" class=\"attachment-thumbnail size-thumbnail\" alt=\"\" srcset=\"https:\/\/www.arpaz.pt\/portal\/wp-content\/uploads\/2022\/05\/InaugCIntArg23Abril22-16-150x150.jpg 150w, https:\/\/www.arpaz.pt\/portal\/wp-content\/uploads\/2022\/05\/InaugCIntArg23Abril22-16-300x300.jpg 300w, https:\/\/www.arpaz.pt\/portal\/wp-content\/uploads\/2022\/05\/InaugCIntArg23Abril22-16-100x100.jpg 100w\" sizes=\"auto, (max-width: 150px) 100vw, 150px\" \/><\/a>\n\t\t\t<\/div><\/figure><figure class='gallery-item'>\n\t\t\t<div class='gallery-icon landscape'>\n\t\t\t\t<a href='https:\/\/www.arpaz.pt\/portal\/centro-de-interpretacao-da-argemela-preserva-memoria-e-identidade-das-gentes-do-barco\/inaugcintarg23abril22-17\/'><img loading=\"lazy\" decoding=\"async\" width=\"150\" height=\"150\" src=\"https:\/\/www.arpaz.pt\/portal\/wp-content\/uploads\/2022\/05\/InaugCIntArg23Abril22-17-150x150.jpg\" class=\"attachment-thumbnail size-thumbnail\" alt=\"\" srcset=\"https:\/\/www.arpaz.pt\/portal\/wp-content\/uploads\/2022\/05\/InaugCIntArg23Abril22-17-150x150.jpg 150w, https:\/\/www.arpaz.pt\/portal\/wp-content\/uploads\/2022\/05\/InaugCIntArg23Abril22-17-300x300.jpg 300w, https:\/\/www.arpaz.pt\/portal\/wp-content\/uploads\/2022\/05\/InaugCIntArg23Abril22-17-100x100.jpg 100w\" sizes=\"auto, (max-width: 150px) 100vw, 150px\" \/><\/a>\n\t\t\t<\/div><\/figure><figure class='gallery-item'>\n\t\t\t<div class='gallery-icon landscape'>\n\t\t\t\t<a href='https:\/\/www.arpaz.pt\/portal\/centro-de-interpretacao-da-argemela-preserva-memoria-e-identidade-das-gentes-do-barco\/inaugcintarg23abril22-18\/'><img loading=\"lazy\" decoding=\"async\" width=\"150\" height=\"150\" src=\"https:\/\/www.arpaz.pt\/portal\/wp-content\/uploads\/2022\/05\/InaugCIntArg23Abril22-18-150x150.jpg\" class=\"attachment-thumbnail size-thumbnail\" alt=\"\" srcset=\"https:\/\/www.arpaz.pt\/portal\/wp-content\/uploads\/2022\/05\/InaugCIntArg23Abril22-18-150x150.jpg 150w, https:\/\/www.arpaz.pt\/portal\/wp-content\/uploads\/2022\/05\/InaugCIntArg23Abril22-18-300x300.jpg 300w, https:\/\/www.arpaz.pt\/portal\/wp-content\/uploads\/2022\/05\/InaugCIntArg23Abril22-18-100x100.jpg 100w\" sizes=\"auto, (max-width: 150px) 100vw, 150px\" \/><\/a>\n\t\t\t<\/div><\/figure><figure class='gallery-item'>\n\t\t\t<div class='gallery-icon portrait'>\n\t\t\t\t<a href='https:\/\/www.arpaz.pt\/portal\/centro-de-interpretacao-da-argemela-preserva-memoria-e-identidade-das-gentes-do-barco\/inaugcintarg23abril22-19\/'><img loading=\"lazy\" decoding=\"async\" width=\"150\" height=\"150\" src=\"https:\/\/www.arpaz.pt\/portal\/wp-content\/uploads\/2022\/05\/InaugCIntArg23Abril22-19-150x150.jpg\" class=\"attachment-thumbnail size-thumbnail\" alt=\"\" srcset=\"https:\/\/www.arpaz.pt\/portal\/wp-content\/uploads\/2022\/05\/InaugCIntArg23Abril22-19-150x150.jpg 150w, https:\/\/www.arpaz.pt\/portal\/wp-content\/uploads\/2022\/05\/InaugCIntArg23Abril22-19-300x300.jpg 300w, https:\/\/www.arpaz.pt\/portal\/wp-content\/uploads\/2022\/05\/InaugCIntArg23Abril22-19-100x100.jpg 100w\" sizes=\"auto, (max-width: 150px) 100vw, 150px\" \/><\/a>\n\t\t\t<\/div><\/figure><figure class='gallery-item'>\n\t\t\t<div class='gallery-icon landscape'>\n\t\t\t\t<a href='https:\/\/www.arpaz.pt\/portal\/centro-de-interpretacao-da-argemela-preserva-memoria-e-identidade-das-gentes-do-barco\/inaugcintarg23abril22-20\/'><img loading=\"lazy\" decoding=\"async\" width=\"150\" height=\"150\" src=\"https:\/\/www.arpaz.pt\/portal\/wp-content\/uploads\/2022\/05\/InaugCIntArg23Abril22-20-150x150.jpg\" class=\"attachment-thumbnail size-thumbnail\" alt=\"\" srcset=\"https:\/\/www.arpaz.pt\/portal\/wp-content\/uploads\/2022\/05\/InaugCIntArg23Abril22-20-150x150.jpg 150w, https:\/\/www.arpaz.pt\/portal\/wp-content\/uploads\/2022\/05\/InaugCIntArg23Abril22-20-300x300.jpg 300w, https:\/\/www.arpaz.pt\/portal\/wp-content\/uploads\/2022\/05\/InaugCIntArg23Abril22-20-100x100.jpg 100w\" sizes=\"auto, (max-width: 150px) 100vw, 150px\" \/><\/a>\n\t\t\t<\/div><\/figure><figure class='gallery-item'>\n\t\t\t<div class='gallery-icon landscape'>\n\t\t\t\t<a href='https:\/\/www.arpaz.pt\/portal\/centro-de-interpretacao-da-argemela-preserva-memoria-e-identidade-das-gentes-do-barco\/inaugcintarg23abril22-21\/'><img loading=\"lazy\" decoding=\"async\" width=\"150\" height=\"150\" src=\"https:\/\/www.arpaz.pt\/portal\/wp-content\/uploads\/2022\/05\/InaugCIntArg23Abril22-21-150x150.jpg\" class=\"attachment-thumbnail size-thumbnail\" alt=\"\" srcset=\"https:\/\/www.arpaz.pt\/portal\/wp-content\/uploads\/2022\/05\/InaugCIntArg23Abril22-21-150x150.jpg 150w, https:\/\/www.arpaz.pt\/portal\/wp-content\/uploads\/2022\/05\/InaugCIntArg23Abril22-21-300x300.jpg 300w, https:\/\/www.arpaz.pt\/portal\/wp-content\/uploads\/2022\/05\/InaugCIntArg23Abril22-21-100x100.jpg 100w\" sizes=\"auto, (max-width: 150px) 100vw, 150px\" \/><\/a>\n\t\t\t<\/div><\/figure><figure class='gallery-item'>\n\t\t\t<div class='gallery-icon landscape'>\n\t\t\t\t<a href='https:\/\/www.arpaz.pt\/portal\/centro-de-interpretacao-da-argemela-preserva-memoria-e-identidade-das-gentes-do-barco\/inaugcintarg23abril22-22\/'><img loading=\"lazy\" decoding=\"async\" width=\"150\" height=\"150\" src=\"https:\/\/www.arpaz.pt\/portal\/wp-content\/uploads\/2022\/05\/InaugCIntArg23Abril22-22-150x150.jpg\" class=\"attachment-thumbnail size-thumbnail\" alt=\"\" srcset=\"https:\/\/www.arpaz.pt\/portal\/wp-content\/uploads\/2022\/05\/InaugCIntArg23Abril22-22-150x150.jpg 150w, https:\/\/www.arpaz.pt\/portal\/wp-content\/uploads\/2022\/05\/InaugCIntArg23Abril22-22-300x300.jpg 300w, https:\/\/www.arpaz.pt\/portal\/wp-content\/uploads\/2022\/05\/InaugCIntArg23Abril22-22-100x100.jpg 100w\" sizes=\"auto, (max-width: 150px) 100vw, 150px\" \/><\/a>\n\t\t\t<\/div><\/figure><figure class='gallery-item'>\n\t\t\t<div class='gallery-icon landscape'>\n\t\t\t\t<a href='https:\/\/www.arpaz.pt\/portal\/centro-de-interpretacao-da-argemela-preserva-memoria-e-identidade-das-gentes-do-barco\/inaugcintarg23abril22-23\/'><img loading=\"lazy\" decoding=\"async\" width=\"150\" height=\"150\" src=\"https:\/\/www.arpaz.pt\/portal\/wp-content\/uploads\/2022\/05\/InaugCIntArg23Abril22-23-150x150.jpg\" class=\"attachment-thumbnail size-thumbnail\" alt=\"\" srcset=\"https:\/\/www.arpaz.pt\/portal\/wp-content\/uploads\/2022\/05\/InaugCIntArg23Abril22-23-150x150.jpg 150w, https:\/\/www.arpaz.pt\/portal\/wp-content\/uploads\/2022\/05\/InaugCIntArg23Abril22-23-300x300.jpg 300w, https:\/\/www.arpaz.pt\/portal\/wp-content\/uploads\/2022\/05\/InaugCIntArg23Abril22-23-100x100.jpg 100w\" sizes=\"auto, (max-width: 150px) 100vw, 150px\" \/><\/a>\n\t\t\t<\/div><\/figure><figure class='gallery-item'>\n\t\t\t<div class='gallery-icon landscape'>\n\t\t\t\t<a href='https:\/\/www.arpaz.pt\/portal\/centro-de-interpretacao-da-argemela-preserva-memoria-e-identidade-das-gentes-do-barco\/inaugcintarg23abril22-24\/'><img loading=\"lazy\" decoding=\"async\" width=\"150\" height=\"150\" src=\"https:\/\/www.arpaz.pt\/portal\/wp-content\/uploads\/2022\/05\/InaugCIntArg23Abril22-24-150x150.jpg\" class=\"attachment-thumbnail size-thumbnail\" alt=\"\" srcset=\"https:\/\/www.arpaz.pt\/portal\/wp-content\/uploads\/2022\/05\/InaugCIntArg23Abril22-24-150x150.jpg 150w, https:\/\/www.arpaz.pt\/portal\/wp-content\/uploads\/2022\/05\/InaugCIntArg23Abril22-24-300x300.jpg 300w, https:\/\/www.arpaz.pt\/portal\/wp-content\/uploads\/2022\/05\/InaugCIntArg23Abril22-24-100x100.jpg 100w\" sizes=\"auto, (max-width: 150px) 100vw, 150px\" \/><\/a>\n\t\t\t<\/div><\/figure><figure class='gallery-item'>\n\t\t\t<div class='gallery-icon landscape'>\n\t\t\t\t<a href='https:\/\/www.arpaz.pt\/portal\/centro-de-interpretacao-da-argemela-preserva-memoria-e-identidade-das-gentes-do-barco\/inaugcintarg23abril22-25\/'><img loading=\"lazy\" decoding=\"async\" width=\"150\" height=\"150\" src=\"https:\/\/www.arpaz.pt\/portal\/wp-content\/uploads\/2022\/05\/InaugCIntArg23Abril22-25-150x150.jpg\" class=\"attachment-thumbnail size-thumbnail\" alt=\"\" srcset=\"https:\/\/www.arpaz.pt\/portal\/wp-content\/uploads\/2022\/05\/InaugCIntArg23Abril22-25-150x150.jpg 150w, https:\/\/www.arpaz.pt\/portal\/wp-content\/uploads\/2022\/05\/InaugCIntArg23Abril22-25-300x300.jpg 300w, https:\/\/www.arpaz.pt\/portal\/wp-content\/uploads\/2022\/05\/InaugCIntArg23Abril22-25-100x100.jpg 100w\" sizes=\"auto, (max-width: 150px) 100vw, 150px\" \/><\/a>\n\t\t\t<\/div><\/figure><figure class='gallery-item'>\n\t\t\t<div class='gallery-icon landscape'>\n\t\t\t\t<a href='https:\/\/www.arpaz.pt\/portal\/centro-de-interpretacao-da-argemela-preserva-memoria-e-identidade-das-gentes-do-barco\/inaugcintarg23abril22-26\/'><img loading=\"lazy\" decoding=\"async\" width=\"150\" height=\"150\" src=\"https:\/\/www.arpaz.pt\/portal\/wp-content\/uploads\/2022\/05\/InaugCIntArg23Abril22-26-150x150.jpg\" class=\"attachment-thumbnail size-thumbnail\" alt=\"\" srcset=\"https:\/\/www.arpaz.pt\/portal\/wp-content\/uploads\/2022\/05\/InaugCIntArg23Abril22-26-150x150.jpg 150w, https:\/\/www.arpaz.pt\/portal\/wp-content\/uploads\/2022\/05\/InaugCIntArg23Abril22-26-300x300.jpg 300w, https:\/\/www.arpaz.pt\/portal\/wp-content\/uploads\/2022\/05\/InaugCIntArg23Abril22-26-100x100.jpg 100w\" sizes=\"auto, (max-width: 150px) 100vw, 150px\" \/><\/a>\n\t\t\t<\/div><\/figure><figure class='gallery-item'>\n\t\t\t<div class='gallery-icon landscape'>\n\t\t\t\t<a href='https:\/\/www.arpaz.pt\/portal\/centro-de-interpretacao-da-argemela-preserva-memoria-e-identidade-das-gentes-do-barco\/inaugcintarg23abril22-27\/'><img loading=\"lazy\" decoding=\"async\" width=\"150\" height=\"150\" src=\"https:\/\/www.arpaz.pt\/portal\/wp-content\/uploads\/2022\/05\/InaugCIntArg23Abril22-27-150x150.jpg\" class=\"attachment-thumbnail size-thumbnail\" alt=\"\" srcset=\"https:\/\/www.arpaz.pt\/portal\/wp-content\/uploads\/2022\/05\/InaugCIntArg23Abril22-27-150x150.jpg 150w, https:\/\/www.arpaz.pt\/portal\/wp-content\/uploads\/2022\/05\/InaugCIntArg23Abril22-27-300x300.jpg 300w, https:\/\/www.arpaz.pt\/portal\/wp-content\/uploads\/2022\/05\/InaugCIntArg23Abril22-27-100x100.jpg 100w\" sizes=\"auto, (max-width: 150px) 100vw, 150px\" \/><\/a>\n\t\t\t<\/div><\/figure><figure class='gallery-item'>\n\t\t\t<div class='gallery-icon landscape'>\n\t\t\t\t<a href='https:\/\/www.arpaz.pt\/portal\/centro-de-interpretacao-da-argemela-preserva-memoria-e-identidade-das-gentes-do-barco\/inaugcintarg23abril22-28\/'><img loading=\"lazy\" decoding=\"async\" width=\"150\" height=\"150\" src=\"https:\/\/www.arpaz.pt\/portal\/wp-content\/uploads\/2022\/05\/InaugCIntArg23Abril22-28-150x150.jpg\" class=\"attachment-thumbnail size-thumbnail\" alt=\"\" srcset=\"https:\/\/www.arpaz.pt\/portal\/wp-content\/uploads\/2022\/05\/InaugCIntArg23Abril22-28-150x150.jpg 150w, https:\/\/www.arpaz.pt\/portal\/wp-content\/uploads\/2022\/05\/InaugCIntArg23Abril22-28-300x300.jpg 300w, https:\/\/www.arpaz.pt\/portal\/wp-content\/uploads\/2022\/05\/InaugCIntArg23Abril22-28-100x100.jpg 100w\" sizes=\"auto, (max-width: 150px) 100vw, 150px\" \/><\/a>\n\t\t\t<\/div><\/figure><figure class='gallery-item'>\n\t\t\t<div class='gallery-icon landscape'>\n\t\t\t\t<a href='https:\/\/www.arpaz.pt\/portal\/centro-de-interpretacao-da-argemela-preserva-memoria-e-identidade-das-gentes-do-barco\/inaugcintarg23abril22-29\/'><img loading=\"lazy\" decoding=\"async\" width=\"150\" height=\"150\" src=\"https:\/\/www.arpaz.pt\/portal\/wp-content\/uploads\/2022\/05\/InaugCIntArg23Abril22-29-150x150.jpg\" class=\"attachment-thumbnail size-thumbnail\" alt=\"\" srcset=\"https:\/\/www.arpaz.pt\/portal\/wp-content\/uploads\/2022\/05\/InaugCIntArg23Abril22-29-150x150.jpg 150w, https:\/\/www.arpaz.pt\/portal\/wp-content\/uploads\/2022\/05\/InaugCIntArg23Abril22-29-300x300.jpg 300w, https:\/\/www.arpaz.pt\/portal\/wp-content\/uploads\/2022\/05\/InaugCIntArg23Abril22-29-100x100.jpg 100w\" sizes=\"auto, (max-width: 150px) 100vw, 150px\" \/><\/a>\n\t\t\t<\/div><\/figure><figure class='gallery-item'>\n\t\t\t<div class='gallery-icon landscape'>\n\t\t\t\t<a href='https:\/\/www.arpaz.pt\/portal\/centro-de-interpretacao-da-argemela-preserva-memoria-e-identidade-das-gentes-do-barco\/inaugcintarg23abril22-30\/'><img loading=\"lazy\" decoding=\"async\" width=\"150\" height=\"150\" src=\"https:\/\/www.arpaz.pt\/portal\/wp-content\/uploads\/2022\/05\/InaugCIntArg23Abril22-30-150x150.jpg\" class=\"attachment-thumbnail size-thumbnail\" alt=\"\" srcset=\"https:\/\/www.arpaz.pt\/portal\/wp-content\/uploads\/2022\/05\/InaugCIntArg23Abril22-30-150x150.jpg 150w, https:\/\/www.arpaz.pt\/portal\/wp-content\/uploads\/2022\/05\/InaugCIntArg23Abril22-30-300x300.jpg 300w, https:\/\/www.arpaz.pt\/portal\/wp-content\/uploads\/2022\/05\/InaugCIntArg23Abril22-30-100x100.jpg 100w\" sizes=\"auto, (max-width: 150px) 100vw, 150px\" \/><\/a>\n\t\t\t<\/div><\/figure><figure class='gallery-item'>\n\t\t\t<div class='gallery-icon landscape'>\n\t\t\t\t<a href='https:\/\/www.arpaz.pt\/portal\/centro-de-interpretacao-da-argemela-preserva-memoria-e-identidade-das-gentes-do-barco\/inaugcintarg23abril22-31\/'><img loading=\"lazy\" decoding=\"async\" width=\"150\" height=\"150\" src=\"https:\/\/www.arpaz.pt\/portal\/wp-content\/uploads\/2022\/05\/InaugCIntArg23Abril22-31-150x150.jpg\" class=\"attachment-thumbnail size-thumbnail\" alt=\"\" srcset=\"https:\/\/www.arpaz.pt\/portal\/wp-content\/uploads\/2022\/05\/InaugCIntArg23Abril22-31-150x150.jpg 150w, https:\/\/www.arpaz.pt\/portal\/wp-content\/uploads\/2022\/05\/InaugCIntArg23Abril22-31-300x300.jpg 300w, https:\/\/www.arpaz.pt\/portal\/wp-content\/uploads\/2022\/05\/InaugCIntArg23Abril22-31-100x100.jpg 100w\" sizes=\"auto, (max-width: 150px) 100vw, 150px\" \/><\/a>\n\t\t\t<\/div><\/figure><figure class='gallery-item'>\n\t\t\t<div class='gallery-icon landscape'>\n\t\t\t\t<a href='https:\/\/www.arpaz.pt\/portal\/centro-de-interpretacao-da-argemela-preserva-memoria-e-identidade-das-gentes-do-barco\/inaugcintarg23abril22-32\/'><img loading=\"lazy\" decoding=\"async\" width=\"150\" height=\"150\" src=\"https:\/\/www.arpaz.pt\/portal\/wp-content\/uploads\/2022\/05\/InaugCIntArg23Abril22-32-150x150.jpg\" class=\"attachment-thumbnail size-thumbnail\" alt=\"\" srcset=\"https:\/\/www.arpaz.pt\/portal\/wp-content\/uploads\/2022\/05\/InaugCIntArg23Abril22-32-150x150.jpg 150w, https:\/\/www.arpaz.pt\/portal\/wp-content\/uploads\/2022\/05\/InaugCIntArg23Abril22-32-300x300.jpg 300w, https:\/\/www.arpaz.pt\/portal\/wp-content\/uploads\/2022\/05\/InaugCIntArg23Abril22-32-100x100.jpg 100w\" sizes=\"auto, (max-width: 150px) 100vw, 150px\" \/><\/a>\n\t\t\t<\/div><\/figure><figure class='gallery-item'>\n\t\t\t<div class='gallery-icon portrait'>\n\t\t\t\t<a href='https:\/\/www.arpaz.pt\/portal\/centro-de-interpretacao-da-argemela-preserva-memoria-e-identidade-das-gentes-do-barco\/inaugcintarg23abril22-33\/'><img loading=\"lazy\" decoding=\"async\" width=\"150\" height=\"150\" src=\"https:\/\/www.arpaz.pt\/portal\/wp-content\/uploads\/2022\/05\/InaugCIntArg23Abril22-33-150x150.jpg\" class=\"attachment-thumbnail size-thumbnail\" alt=\"\" \/><\/a>\n\t\t\t<\/div><\/figure><figure class='gallery-item'>\n\t\t\t<div class='gallery-icon landscape'>\n\t\t\t\t<a href='https:\/\/www.arpaz.pt\/portal\/centro-de-interpretacao-da-argemela-preserva-memoria-e-identidade-das-gentes-do-barco\/inaugcintarg23abril22-34\/'><img loading=\"lazy\" decoding=\"async\" width=\"150\" height=\"150\" src=\"https:\/\/www.arpaz.pt\/portal\/wp-content\/uploads\/2022\/05\/InaugCIntArg23Abril22-34-150x150.jpg\" class=\"attachment-thumbnail size-thumbnail\" alt=\"\" srcset=\"https:\/\/www.arpaz.pt\/portal\/wp-content\/uploads\/2022\/05\/InaugCIntArg23Abril22-34-150x150.jpg 150w, https:\/\/www.arpaz.pt\/portal\/wp-content\/uploads\/2022\/05\/InaugCIntArg23Abril22-34-300x300.jpg 300w, https:\/\/www.arpaz.pt\/portal\/wp-content\/uploads\/2022\/05\/InaugCIntArg23Abril22-34-100x100.jpg 100w\" sizes=\"auto, (max-width: 150px) 100vw, 150px\" \/><\/a>\n\t\t\t<\/div><\/figure><figure class='gallery-item'>\n\t\t\t<div class='gallery-icon landscape'>\n\t\t\t\t<a href='https:\/\/www.arpaz.pt\/portal\/centro-de-interpretacao-da-argemela-preserva-memoria-e-identidade-das-gentes-do-barco\/inaugcintarg23abril22-35\/'><img loading=\"lazy\" decoding=\"async\" width=\"150\" height=\"150\" src=\"https:\/\/www.arpaz.pt\/portal\/wp-content\/uploads\/2022\/05\/InaugCIntArg23Abril22-35-150x150.jpg\" class=\"attachment-thumbnail size-thumbnail\" alt=\"\" srcset=\"https:\/\/www.arpaz.pt\/portal\/wp-content\/uploads\/2022\/05\/InaugCIntArg23Abril22-35-150x150.jpg 150w, https:\/\/www.arpaz.pt\/portal\/wp-content\/uploads\/2022\/05\/InaugCIntArg23Abril22-35-300x300.jpg 300w, https:\/\/www.arpaz.pt\/portal\/wp-content\/uploads\/2022\/05\/InaugCIntArg23Abril22-35-100x100.jpg 100w\" sizes=\"auto, (max-width: 150px) 100vw, 150px\" \/><\/a>\n\t\t\t<\/div><\/figure><figure class='gallery-item'>\n\t\t\t<div class='gallery-icon landscape'>\n\t\t\t\t<a href='https:\/\/www.arpaz.pt\/portal\/centro-de-interpretacao-da-argemela-preserva-memoria-e-identidade-das-gentes-do-barco\/inaugcintarg23abril22-36\/'><img loading=\"lazy\" decoding=\"async\" width=\"150\" height=\"150\" src=\"https:\/\/www.arpaz.pt\/portal\/wp-content\/uploads\/2022\/05\/InaugCIntArg23Abril22-36-150x150.jpg\" class=\"attachment-thumbnail size-thumbnail\" alt=\"\" srcset=\"https:\/\/www.arpaz.pt\/portal\/wp-content\/uploads\/2022\/05\/InaugCIntArg23Abril22-36-150x150.jpg 150w, https:\/\/www.arpaz.pt\/portal\/wp-content\/uploads\/2022\/05\/InaugCIntArg23Abril22-36-300x300.jpg 300w, https:\/\/www.arpaz.pt\/portal\/wp-content\/uploads\/2022\/05\/InaugCIntArg23Abril22-36-100x100.jpg 100w\" sizes=\"auto, (max-width: 150px) 100vw, 150px\" \/><\/a>\n\t\t\t<\/div><\/figure><figure class='gallery-item'>\n\t\t\t<div class='gallery-icon landscape'>\n\t\t\t\t<a href='https:\/\/www.arpaz.pt\/portal\/centro-de-interpretacao-da-argemela-preserva-memoria-e-identidade-das-gentes-do-barco\/inaugcintarg23abril22-37\/'><img loading=\"lazy\" decoding=\"async\" width=\"150\" height=\"150\" src=\"https:\/\/www.arpaz.pt\/portal\/wp-content\/uploads\/2022\/05\/InaugCIntArg23Abril22-37-150x150.jpg\" class=\"attachment-thumbnail size-thumbnail\" alt=\"\" srcset=\"https:\/\/www.arpaz.pt\/portal\/wp-content\/uploads\/2022\/05\/InaugCIntArg23Abril22-37-150x150.jpg 150w, https:\/\/www.arpaz.pt\/portal\/wp-content\/uploads\/2022\/05\/InaugCIntArg23Abril22-37-300x300.jpg 300w, https:\/\/www.arpaz.pt\/portal\/wp-content\/uploads\/2022\/05\/InaugCIntArg23Abril22-37-100x100.jpg 100w\" sizes=\"auto, (max-width: 150px) 100vw, 150px\" \/><\/a>\n\t\t\t<\/div><\/figure><figure class='gallery-item'>\n\t\t\t<div class='gallery-icon landscape'>\n\t\t\t\t<a href='https:\/\/www.arpaz.pt\/portal\/centro-de-interpretacao-da-argemela-preserva-memoria-e-identidade-das-gentes-do-barco\/inaugcintarg23abril22-38\/'><img loading=\"lazy\" decoding=\"async\" width=\"150\" height=\"150\" src=\"https:\/\/www.arpaz.pt\/portal\/wp-content\/uploads\/2022\/05\/InaugCIntArg23Abril22-38-150x150.jpg\" class=\"attachment-thumbnail size-thumbnail\" alt=\"\" srcset=\"https:\/\/www.arpaz.pt\/portal\/wp-content\/uploads\/2022\/05\/InaugCIntArg23Abril22-38-150x150.jpg 150w, https:\/\/www.arpaz.pt\/portal\/wp-content\/uploads\/2022\/05\/InaugCIntArg23Abril22-38-300x300.jpg 300w, https:\/\/www.arpaz.pt\/portal\/wp-content\/uploads\/2022\/05\/InaugCIntArg23Abril22-38-100x100.jpg 100w\" sizes=\"auto, (max-width: 150px) 100vw, 150px\" \/><\/a>\n\t\t\t<\/div><\/figure><figure class='gallery-item'>\n\t\t\t<div class='gallery-icon landscape'>\n\t\t\t\t<a href='https:\/\/www.arpaz.pt\/portal\/centro-de-interpretacao-da-argemela-preserva-memoria-e-identidade-das-gentes-do-barco\/inaugcintarg23abril22-39\/'><img loading=\"lazy\" decoding=\"async\" width=\"150\" height=\"150\" src=\"https:\/\/www.arpaz.pt\/portal\/wp-content\/uploads\/2022\/05\/InaugCIntArg23Abril22-39-150x150.jpg\" class=\"attachment-thumbnail size-thumbnail\" alt=\"\" srcset=\"https:\/\/www.arpaz.pt\/portal\/wp-content\/uploads\/2022\/05\/InaugCIntArg23Abril22-39-150x150.jpg 150w, https:\/\/www.arpaz.pt\/portal\/wp-content\/uploads\/2022\/05\/InaugCIntArg23Abril22-39-300x300.jpg 300w, https:\/\/www.arpaz.pt\/portal\/wp-content\/uploads\/2022\/05\/InaugCIntArg23Abril22-39-100x100.jpg 100w\" sizes=\"auto, (max-width: 150px) 100vw, 150px\" \/><\/a>\n\t\t\t<\/div><\/figure><figure class='gallery-item'>\n\t\t\t<div class='gallery-icon landscape'>\n\t\t\t\t<a href='https:\/\/www.arpaz.pt\/portal\/centro-de-interpretacao-da-argemela-preserva-memoria-e-identidade-das-gentes-do-barco\/inaugcintarg23abril22-40\/'><img loading=\"lazy\" decoding=\"async\" width=\"150\" height=\"150\" src=\"https:\/\/www.arpaz.pt\/portal\/wp-content\/uploads\/2022\/05\/InaugCIntArg23Abril22-40-150x150.jpg\" class=\"attachment-thumbnail size-thumbnail\" alt=\"\" srcset=\"https:\/\/www.arpaz.pt\/portal\/wp-content\/uploads\/2022\/05\/InaugCIntArg23Abril22-40-150x150.jpg 150w, https:\/\/www.arpaz.pt\/portal\/wp-content\/uploads\/2022\/05\/InaugCIntArg23Abril22-40-300x300.jpg 300w, https:\/\/www.arpaz.pt\/portal\/wp-content\/uploads\/2022\/05\/InaugCIntArg23Abril22-40-100x100.jpg 100w\" sizes=\"auto, (max-width: 150px) 100vw, 150px\" \/><\/a>\n\t\t\t<\/div><\/figure><figure class='gallery-item'>\n\t\t\t<div class='gallery-icon landscape'>\n\t\t\t\t<a href='https:\/\/www.arpaz.pt\/portal\/centro-de-interpretacao-da-argemela-preserva-memoria-e-identidade-das-gentes-do-barco\/inaugcintarg23abril22-41\/'><img loading=\"lazy\" decoding=\"async\" width=\"150\" height=\"150\" src=\"https:\/\/www.arpaz.pt\/portal\/wp-content\/uploads\/2022\/05\/InaugCIntArg23Abril22-41-150x150.jpg\" class=\"attachment-thumbnail size-thumbnail\" alt=\"\" srcset=\"https:\/\/www.arpaz.pt\/portal\/wp-content\/uploads\/2022\/05\/InaugCIntArg23Abril22-41-150x150.jpg 150w, https:\/\/www.arpaz.pt\/portal\/wp-content\/uploads\/2022\/05\/InaugCIntArg23Abril22-41-300x300.jpg 300w, https:\/\/www.arpaz.pt\/portal\/wp-content\/uploads\/2022\/05\/InaugCIntArg23Abril22-41-100x100.jpg 100w\" sizes=\"auto, (max-width: 150px) 100vw, 150px\" \/><\/a>\n\t\t\t<\/div><\/figure><figure class='gallery-item'>\n\t\t\t<div class='gallery-icon landscape'>\n\t\t\t\t<a href='https:\/\/www.arpaz.pt\/portal\/centro-de-interpretacao-da-argemela-preserva-memoria-e-identidade-das-gentes-do-barco\/inaugcintarg23abril22-42\/'><img loading=\"lazy\" decoding=\"async\" width=\"150\" height=\"150\" src=\"https:\/\/www.arpaz.pt\/portal\/wp-content\/uploads\/2022\/05\/InaugCIntArg23Abril22-42-150x150.jpg\" class=\"attachment-thumbnail size-thumbnail\" alt=\"\" srcset=\"https:\/\/www.arpaz.pt\/portal\/wp-content\/uploads\/2022\/05\/InaugCIntArg23Abril22-42-150x150.jpg 150w, https:\/\/www.arpaz.pt\/portal\/wp-content\/uploads\/2022\/05\/InaugCIntArg23Abril22-42-300x300.jpg 300w, https:\/\/www.arpaz.pt\/portal\/wp-content\/uploads\/2022\/05\/InaugCIntArg23Abril22-42-100x100.jpg 100w\" sizes=\"auto, (max-width: 150px) 100vw, 150px\" \/><\/a>\n\t\t\t<\/div><\/figure><figure class='gallery-item'>\n\t\t\t<div class='gallery-icon landscape'>\n\t\t\t\t<a href='https:\/\/www.arpaz.pt\/portal\/centro-de-interpretacao-da-argemela-preserva-memoria-e-identidade-das-gentes-do-barco\/inaugcintarg23abril22-43\/'><img loading=\"lazy\" decoding=\"async\" width=\"150\" height=\"150\" src=\"https:\/\/www.arpaz.pt\/portal\/wp-content\/uploads\/2022\/05\/InaugCIntArg23Abril22-43-150x150.jpg\" class=\"attachment-thumbnail size-thumbnail\" alt=\"\" srcset=\"https:\/\/www.arpaz.pt\/portal\/wp-content\/uploads\/2022\/05\/InaugCIntArg23Abril22-43-150x150.jpg 150w, https:\/\/www.arpaz.pt\/portal\/wp-content\/uploads\/2022\/05\/InaugCIntArg23Abril22-43-300x300.jpg 300w, https:\/\/www.arpaz.pt\/portal\/wp-content\/uploads\/2022\/05\/InaugCIntArg23Abril22-43-100x100.jpg 100w\" sizes=\"auto, (max-width: 150px) 100vw, 150px\" \/><\/a>\n\t\t\t<\/div><\/figure><figure class='gallery-item'>\n\t\t\t<div class='gallery-icon landscape'>\n\t\t\t\t<a href='https:\/\/www.arpaz.pt\/portal\/centro-de-interpretacao-da-argemela-preserva-memoria-e-identidade-das-gentes-do-barco\/inaugcintarg23abril22-44\/'><img loading=\"lazy\" decoding=\"async\" width=\"150\" height=\"150\" src=\"https:\/\/www.arpaz.pt\/portal\/wp-content\/uploads\/2022\/05\/InaugCIntArg23Abril22-44-150x150.jpg\" class=\"attachment-thumbnail size-thumbnail\" alt=\"\" srcset=\"https:\/\/www.arpaz.pt\/portal\/wp-content\/uploads\/2022\/05\/InaugCIntArg23Abril22-44-150x150.jpg 150w, https:\/\/www.arpaz.pt\/portal\/wp-content\/uploads\/2022\/05\/InaugCIntArg23Abril22-44-300x300.jpg 300w, https:\/\/www.arpaz.pt\/portal\/wp-content\/uploads\/2022\/05\/InaugCIntArg23Abril22-44-100x100.jpg 100w\" sizes=\"auto, (max-width: 150px) 100vw, 150px\" \/><\/a>\n\t\t\t<\/div><\/figure><figure class='gallery-item'>\n\t\t\t<div class='gallery-icon landscape'>\n\t\t\t\t<a href='https:\/\/www.arpaz.pt\/portal\/centro-de-interpretacao-da-argemela-preserva-memoria-e-identidade-das-gentes-do-barco\/inaugcintarg23abril22-45\/'><img loading=\"lazy\" decoding=\"async\" width=\"150\" height=\"150\" src=\"https:\/\/www.arpaz.pt\/portal\/wp-content\/uploads\/2022\/05\/InaugCIntArg23Abril22-45-150x150.jpg\" class=\"attachment-thumbnail size-thumbnail\" alt=\"\" srcset=\"https:\/\/www.arpaz.pt\/portal\/wp-content\/uploads\/2022\/05\/InaugCIntArg23Abril22-45-150x150.jpg 150w, https:\/\/www.arpaz.pt\/portal\/wp-content\/uploads\/2022\/05\/InaugCIntArg23Abril22-45-300x300.jpg 300w, https:\/\/www.arpaz.pt\/portal\/wp-content\/uploads\/2022\/05\/InaugCIntArg23Abril22-45-100x100.jpg 100w\" sizes=\"auto, (max-width: 150px) 100vw, 150px\" \/><\/a>\n\t\t\t<\/div><\/figure><figure class='gallery-item'>\n\t\t\t<div class='gallery-icon landscape'>\n\t\t\t\t<a href='https:\/\/www.arpaz.pt\/portal\/centro-de-interpretacao-da-argemela-preserva-memoria-e-identidade-das-gentes-do-barco\/inaugcintarg23abril22-46\/'><img loading=\"lazy\" decoding=\"async\" width=\"150\" height=\"150\" src=\"https:\/\/www.arpaz.pt\/portal\/wp-content\/uploads\/2022\/05\/InaugCIntArg23Abril22-46-150x150.jpg\" class=\"attachment-thumbnail size-thumbnail\" alt=\"\" srcset=\"https:\/\/www.arpaz.pt\/portal\/wp-content\/uploads\/2022\/05\/InaugCIntArg23Abril22-46-150x150.jpg 150w, https:\/\/www.arpaz.pt\/portal\/wp-content\/uploads\/2022\/05\/InaugCIntArg23Abril22-46-300x300.jpg 300w, https:\/\/www.arpaz.pt\/portal\/wp-content\/uploads\/2022\/05\/InaugCIntArg23Abril22-46-100x100.jpg 100w\" sizes=\"auto, (max-width: 150px) 100vw, 150px\" \/><\/a>\n\t\t\t<\/div><\/figure><figure class='gallery-item'>\n\t\t\t<div class='gallery-icon landscape'>\n\t\t\t\t<a href='https:\/\/www.arpaz.pt\/portal\/centro-de-interpretacao-da-argemela-preserva-memoria-e-identidade-das-gentes-do-barco\/inaugcintarg23abril22-47\/'><img loading=\"lazy\" decoding=\"async\" width=\"150\" height=\"150\" src=\"https:\/\/www.arpaz.pt\/portal\/wp-content\/uploads\/2022\/05\/InaugCIntArg23Abril22-47-150x150.jpg\" class=\"attachment-thumbnail size-thumbnail\" alt=\"\" srcset=\"https:\/\/www.arpaz.pt\/portal\/wp-content\/uploads\/2022\/05\/InaugCIntArg23Abril22-47-150x150.jpg 150w, https:\/\/www.arpaz.pt\/portal\/wp-content\/uploads\/2022\/05\/InaugCIntArg23Abril22-47-300x300.jpg 300w, https:\/\/www.arpaz.pt\/portal\/wp-content\/uploads\/2022\/05\/InaugCIntArg23Abril22-47-100x100.jpg 100w\" sizes=\"auto, (max-width: 150px) 100vw, 150px\" \/><\/a>\n\t\t\t<\/div><\/figure><figure class='gallery-item'>\n\t\t\t<div class='gallery-icon landscape'>\n\t\t\t\t<a href='https:\/\/www.arpaz.pt\/portal\/centro-de-interpretacao-da-argemela-preserva-memoria-e-identidade-das-gentes-do-barco\/inaugcintarg23abril22-49\/'><img loading=\"lazy\" decoding=\"async\" width=\"150\" height=\"150\" src=\"https:\/\/www.arpaz.pt\/portal\/wp-content\/uploads\/2022\/05\/InaugCIntArg23Abril22-49-150x150.jpg\" class=\"attachment-thumbnail size-thumbnail\" alt=\"\" srcset=\"https:\/\/www.arpaz.pt\/portal\/wp-content\/uploads\/2022\/05\/InaugCIntArg23Abril22-49-150x150.jpg 150w, https:\/\/www.arpaz.pt\/portal\/wp-content\/uploads\/2022\/05\/InaugCIntArg23Abril22-49-300x300.jpg 300w, https:\/\/www.arpaz.pt\/portal\/wp-content\/uploads\/2022\/05\/InaugCIntArg23Abril22-49-100x100.jpg 100w\" sizes=\"auto, (max-width: 150px) 100vw, 150px\" \/><\/a>\n\t\t\t<\/div><\/figure><figure class='gallery-item'>\n\t\t\t<div class='gallery-icon landscape'>\n\t\t\t\t<a href='https:\/\/www.arpaz.pt\/portal\/centro-de-interpretacao-da-argemela-preserva-memoria-e-identidade-das-gentes-do-barco\/inaugcintarg23abril22-50\/'><img loading=\"lazy\" decoding=\"async\" width=\"150\" height=\"150\" src=\"https:\/\/www.arpaz.pt\/portal\/wp-content\/uploads\/2022\/05\/InaugCIntArg23Abril22-50-150x150.jpg\" class=\"attachment-thumbnail size-thumbnail\" alt=\"\" srcset=\"https:\/\/www.arpaz.pt\/portal\/wp-content\/uploads\/2022\/05\/InaugCIntArg23Abril22-50-150x150.jpg 150w, https:\/\/www.arpaz.pt\/portal\/wp-content\/uploads\/2022\/05\/InaugCIntArg23Abril22-50-300x300.jpg 300w, https:\/\/www.arpaz.pt\/portal\/wp-content\/uploads\/2022\/05\/InaugCIntArg23Abril22-50-100x100.jpg 100w\" sizes=\"auto, (max-width: 150px) 100vw, 150px\" \/><\/a>\n\t\t\t<\/div><\/figure><figure class='gallery-item'>\n\t\t\t<div class='gallery-icon landscape'>\n\t\t\t\t<a href='https:\/\/www.arpaz.pt\/portal\/centro-de-interpretacao-da-argemela-preserva-memoria-e-identidade-das-gentes-do-barco\/inaugcintarg23abril22-51\/'><img loading=\"lazy\" decoding=\"async\" width=\"150\" height=\"150\" src=\"https:\/\/www.arpaz.pt\/portal\/wp-content\/uploads\/2022\/05\/InaugCIntArg23Abril22-51-150x150.jpg\" class=\"attachment-thumbnail size-thumbnail\" alt=\"\" srcset=\"https:\/\/www.arpaz.pt\/portal\/wp-content\/uploads\/2022\/05\/InaugCIntArg23Abril22-51-150x150.jpg 150w, https:\/\/www.arpaz.pt\/portal\/wp-content\/uploads\/2022\/05\/InaugCIntArg23Abril22-51-300x300.jpg 300w, https:\/\/www.arpaz.pt\/portal\/wp-content\/uploads\/2022\/05\/InaugCIntArg23Abril22-51-100x100.jpg 100w\" sizes=\"auto, (max-width: 150px) 100vw, 150px\" \/><\/a>\n\t\t\t<\/div><\/figure><figure class='gallery-item'>\n\t\t\t<div class='gallery-icon landscape'>\n\t\t\t\t<a href='https:\/\/www.arpaz.pt\/portal\/centro-de-interpretacao-da-argemela-preserva-memoria-e-identidade-das-gentes-do-barco\/inaugcintarg23abril22-52\/'><img loading=\"lazy\" decoding=\"async\" width=\"150\" height=\"150\" src=\"https:\/\/www.arpaz.pt\/portal\/wp-content\/uploads\/2022\/05\/InaugCIntArg23Abril22-52-150x150.jpg\" class=\"attachment-thumbnail size-thumbnail\" alt=\"\" srcset=\"https:\/\/www.arpaz.pt\/portal\/wp-content\/uploads\/2022\/05\/InaugCIntArg23Abril22-52-150x150.jpg 150w, https:\/\/www.arpaz.pt\/portal\/wp-content\/uploads\/2022\/05\/InaugCIntArg23Abril22-52-300x300.jpg 300w, https:\/\/www.arpaz.pt\/portal\/wp-content\/uploads\/2022\/05\/InaugCIntArg23Abril22-52-100x100.jpg 100w\" sizes=\"auto, (max-width: 150px) 100vw, 150px\" \/><\/a>\n\t\t\t<\/div><\/figure><figure class='gallery-item'>\n\t\t\t<div class='gallery-icon landscape'>\n\t\t\t\t<a href='https:\/\/www.arpaz.pt\/portal\/centro-de-interpretacao-da-argemela-preserva-memoria-e-identidade-das-gentes-do-barco\/inaugcintarg23abril22-53\/'><img loading=\"lazy\" decoding=\"async\" width=\"150\" height=\"150\" src=\"https:\/\/www.arpaz.pt\/portal\/wp-content\/uploads\/2022\/05\/InaugCIntArg23Abril22-53-150x150.jpg\" class=\"attachment-thumbnail size-thumbnail\" alt=\"\" srcset=\"https:\/\/www.arpaz.pt\/portal\/wp-content\/uploads\/2022\/05\/InaugCIntArg23Abril22-53-150x150.jpg 150w, https:\/\/www.arpaz.pt\/portal\/wp-content\/uploads\/2022\/05\/InaugCIntArg23Abril22-53-300x300.jpg 300w, https:\/\/www.arpaz.pt\/portal\/wp-content\/uploads\/2022\/05\/InaugCIntArg23Abril22-53-100x100.jpg 100w\" sizes=\"auto, (max-width: 150px) 100vw, 150px\" \/><\/a>\n\t\t\t<\/div><\/figure><figure class='gallery-item'>\n\t\t\t<div class='gallery-icon landscape'>\n\t\t\t\t<a href='https:\/\/www.arpaz.pt\/portal\/centro-de-interpretacao-da-argemela-preserva-memoria-e-identidade-das-gentes-do-barco\/inaugcintarg23abril22-54\/'><img loading=\"lazy\" decoding=\"async\" width=\"150\" height=\"150\" src=\"https:\/\/www.arpaz.pt\/portal\/wp-content\/uploads\/2022\/05\/InaugCIntArg23Abril22-54-150x150.jpg\" class=\"attachment-thumbnail size-thumbnail\" alt=\"\" srcset=\"https:\/\/www.arpaz.pt\/portal\/wp-content\/uploads\/2022\/05\/InaugCIntArg23Abril22-54-150x150.jpg 150w, https:\/\/www.arpaz.pt\/portal\/wp-content\/uploads\/2022\/05\/InaugCIntArg23Abril22-54-300x300.jpg 300w, https:\/\/www.arpaz.pt\/portal\/wp-content\/uploads\/2022\/05\/InaugCIntArg23Abril22-54-100x100.jpg 100w\" sizes=\"auto, (max-width: 150px) 100vw, 150px\" \/><\/a>\n\t\t\t<\/div><\/figure><figure class='gallery-item'>\n\t\t\t<div class='gallery-icon landscape'>\n\t\t\t\t<a href='https:\/\/www.arpaz.pt\/portal\/centro-de-interpretacao-da-argemela-preserva-memoria-e-identidade-das-gentes-do-barco\/inaugcintarg23abril22-55\/'><img loading=\"lazy\" decoding=\"async\" width=\"150\" height=\"150\" src=\"https:\/\/www.arpaz.pt\/portal\/wp-content\/uploads\/2022\/05\/InaugCIntArg23Abril22-55-150x150.jpg\" class=\"attachment-thumbnail size-thumbnail\" alt=\"\" srcset=\"https:\/\/www.arpaz.pt\/portal\/wp-content\/uploads\/2022\/05\/InaugCIntArg23Abril22-55-150x150.jpg 150w, https:\/\/www.arpaz.pt\/portal\/wp-content\/uploads\/2022\/05\/InaugCIntArg23Abril22-55-300x300.jpg 300w, https:\/\/www.arpaz.pt\/portal\/wp-content\/uploads\/2022\/05\/InaugCIntArg23Abril22-55-100x100.jpg 100w\" sizes=\"auto, (max-width: 150px) 100vw, 150px\" \/><\/a>\n\t\t\t<\/div><\/figure><figure class='gallery-item'>\n\t\t\t<div class='gallery-icon landscape'>\n\t\t\t\t<a href='https:\/\/www.arpaz.pt\/portal\/centro-de-interpretacao-da-argemela-preserva-memoria-e-identidade-das-gentes-do-barco\/inaugcintarg23abril22-56\/'><img loading=\"lazy\" decoding=\"async\" width=\"150\" height=\"150\" src=\"https:\/\/www.arpaz.pt\/portal\/wp-content\/uploads\/2022\/05\/InaugCIntArg23Abril22-56-150x150.jpg\" class=\"attachment-thumbnail size-thumbnail\" alt=\"\" srcset=\"https:\/\/www.arpaz.pt\/portal\/wp-content\/uploads\/2022\/05\/InaugCIntArg23Abril22-56-150x150.jpg 150w, https:\/\/www.arpaz.pt\/portal\/wp-content\/uploads\/2022\/05\/InaugCIntArg23Abril22-56-300x300.jpg 300w, https:\/\/www.arpaz.pt\/portal\/wp-content\/uploads\/2022\/05\/InaugCIntArg23Abril22-56-100x100.jpg 100w\" sizes=\"auto, (max-width: 150px) 100vw, 150px\" \/><\/a>\n\t\t\t<\/div><\/figure><figure class='gallery-item'>\n\t\t\t<div class='gallery-icon landscape'>\n\t\t\t\t<a href='https:\/\/www.arpaz.pt\/portal\/centro-de-interpretacao-da-argemela-preserva-memoria-e-identidade-das-gentes-do-barco\/inaugcintarg23abril22-57\/'><img loading=\"lazy\" decoding=\"async\" width=\"150\" height=\"150\" src=\"https:\/\/www.arpaz.pt\/portal\/wp-content\/uploads\/2022\/05\/InaugCIntArg23Abril22-57-150x150.jpg\" class=\"attachment-thumbnail size-thumbnail\" alt=\"\" srcset=\"https:\/\/www.arpaz.pt\/portal\/wp-content\/uploads\/2022\/05\/InaugCIntArg23Abril22-57-150x150.jpg 150w, https:\/\/www.arpaz.pt\/portal\/wp-content\/uploads\/2022\/05\/InaugCIntArg23Abril22-57-300x300.jpg 300w, https:\/\/www.arpaz.pt\/portal\/wp-content\/uploads\/2022\/05\/InaugCIntArg23Abril22-57-100x100.jpg 100w\" sizes=\"auto, (max-width: 150px) 100vw, 150px\" \/><\/a>\n\t\t\t<\/div><\/figure><figure class='gallery-item'>\n\t\t\t<div class='gallery-icon landscape'>\n\t\t\t\t<a href='https:\/\/www.arpaz.pt\/portal\/centro-de-interpretacao-da-argemela-preserva-memoria-e-identidade-das-gentes-do-barco\/inaugcintarg23abril22-58\/'><img loading=\"lazy\" decoding=\"async\" width=\"150\" height=\"150\" src=\"https:\/\/www.arpaz.pt\/portal\/wp-content\/uploads\/2022\/05\/InaugCIntArg23Abril22-58-150x150.jpg\" class=\"attachment-thumbnail size-thumbnail\" alt=\"\" srcset=\"https:\/\/www.arpaz.pt\/portal\/wp-content\/uploads\/2022\/05\/InaugCIntArg23Abril22-58-150x150.jpg 150w, https:\/\/www.arpaz.pt\/portal\/wp-content\/uploads\/2022\/05\/InaugCIntArg23Abril22-58-300x300.jpg 300w, https:\/\/www.arpaz.pt\/portal\/wp-content\/uploads\/2022\/05\/InaugCIntArg23Abril22-58-100x100.jpg 100w\" sizes=\"auto, (max-width: 150px) 100vw, 150px\" \/><\/a>\n\t\t\t<\/div><\/figure><figure class='gallery-item'>\n\t\t\t<div class='gallery-icon landscape'>\n\t\t\t\t<a href='https:\/\/www.arpaz.pt\/portal\/centro-de-interpretacao-da-argemela-preserva-memoria-e-identidade-das-gentes-do-barco\/inaugcintarg23abril22-59\/'><img loading=\"lazy\" decoding=\"async\" width=\"150\" height=\"150\" src=\"https:\/\/www.arpaz.pt\/portal\/wp-content\/uploads\/2022\/05\/InaugCIntArg23Abril22-59-150x150.jpg\" class=\"attachment-thumbnail size-thumbnail\" alt=\"\" srcset=\"https:\/\/www.arpaz.pt\/portal\/wp-content\/uploads\/2022\/05\/InaugCIntArg23Abril22-59-150x150.jpg 150w, https:\/\/www.arpaz.pt\/portal\/wp-content\/uploads\/2022\/05\/InaugCIntArg23Abril22-59-300x300.jpg 300w, https:\/\/www.arpaz.pt\/portal\/wp-content\/uploads\/2022\/05\/InaugCIntArg23Abril22-59-100x100.jpg 100w\" sizes=\"auto, (max-width: 150px) 100vw, 150px\" \/><\/a>\n\t\t\t<\/div><\/figure><figure class='gallery-item'>\n\t\t\t<div class='gallery-icon landscape'>\n\t\t\t\t<a href='https:\/\/www.arpaz.pt\/portal\/centro-de-interpretacao-da-argemela-preserva-memoria-e-identidade-das-gentes-do-barco\/inaugcintarg23abril22-60\/'><img loading=\"lazy\" decoding=\"async\" width=\"150\" height=\"150\" src=\"https:\/\/www.arpaz.pt\/portal\/wp-content\/uploads\/2022\/05\/InaugCIntArg23Abril22-60-150x150.jpg\" class=\"attachment-thumbnail size-thumbnail\" alt=\"\" srcset=\"https:\/\/www.arpaz.pt\/portal\/wp-content\/uploads\/2022\/05\/InaugCIntArg23Abril22-60-150x150.jpg 150w, https:\/\/www.arpaz.pt\/portal\/wp-content\/uploads\/2022\/05\/InaugCIntArg23Abril22-60-300x300.jpg 300w, https:\/\/www.arpaz.pt\/portal\/wp-content\/uploads\/2022\/05\/InaugCIntArg23Abril22-60-100x100.jpg 100w\" sizes=\"auto, (max-width: 150px) 100vw, 150px\" \/><\/a>\n\t\t\t<\/div><\/figure><figure class='gallery-item'>\n\t\t\t<div class='gallery-icon landscape'>\n\t\t\t\t<a href='https:\/\/www.arpaz.pt\/portal\/centro-de-interpretacao-da-argemela-preserva-memoria-e-identidade-das-gentes-do-barco\/inaugcintarg23abril22-61\/'><img loading=\"lazy\" decoding=\"async\" width=\"150\" height=\"150\" src=\"https:\/\/www.arpaz.pt\/portal\/wp-content\/uploads\/2022\/05\/InaugCIntArg23Abril22-61-150x150.jpg\" class=\"attachment-thumbnail size-thumbnail\" alt=\"\" srcset=\"https:\/\/www.arpaz.pt\/portal\/wp-content\/uploads\/2022\/05\/InaugCIntArg23Abril22-61-150x150.jpg 150w, https:\/\/www.arpaz.pt\/portal\/wp-content\/uploads\/2022\/05\/InaugCIntArg23Abril22-61-300x300.jpg 300w, https:\/\/www.arpaz.pt\/portal\/wp-content\/uploads\/2022\/05\/InaugCIntArg23Abril22-61-100x100.jpg 100w\" sizes=\"auto, (max-width: 150px) 100vw, 150px\" \/><\/a>\n\t\t\t<\/div><\/figure><figure class='gallery-item'>\n\t\t\t<div class='gallery-icon landscape'>\n\t\t\t\t<a href='https:\/\/www.arpaz.pt\/portal\/centro-de-interpretacao-da-argemela-preserva-memoria-e-identidade-das-gentes-do-barco\/inaugcintarg23abril22-62\/'><img loading=\"lazy\" decoding=\"async\" width=\"150\" height=\"150\" src=\"https:\/\/www.arpaz.pt\/portal\/wp-content\/uploads\/2022\/05\/InaugCIntArg23Abril22-62-150x150.jpg\" class=\"attachment-thumbnail size-thumbnail\" alt=\"\" srcset=\"https:\/\/www.arpaz.pt\/portal\/wp-content\/uploads\/2022\/05\/InaugCIntArg23Abril22-62-150x150.jpg 150w, https:\/\/www.arpaz.pt\/portal\/wp-content\/uploads\/2022\/05\/InaugCIntArg23Abril22-62-300x300.jpg 300w, https:\/\/www.arpaz.pt\/portal\/wp-content\/uploads\/2022\/05\/InaugCIntArg23Abril22-62-100x100.jpg 100w\" sizes=\"auto, (max-width: 150px) 100vw, 150px\" \/><\/a>\n\t\t\t<\/div><\/figure><figure class='gallery-item'>\n\t\t\t<div class='gallery-icon landscape'>\n\t\t\t\t<a href='https:\/\/www.arpaz.pt\/portal\/centro-de-interpretacao-da-argemela-preserva-memoria-e-identidade-das-gentes-do-barco\/inaugcintarg23abril22-63\/'><img loading=\"lazy\" decoding=\"async\" width=\"150\" height=\"150\" src=\"https:\/\/www.arpaz.pt\/portal\/wp-content\/uploads\/2022\/05\/InaugCIntArg23Abril22-63-150x150.jpg\" class=\"attachment-thumbnail size-thumbnail\" alt=\"\" srcset=\"https:\/\/www.arpaz.pt\/portal\/wp-content\/uploads\/2022\/05\/InaugCIntArg23Abril22-63-150x150.jpg 150w, https:\/\/www.arpaz.pt\/portal\/wp-content\/uploads\/2022\/05\/InaugCIntArg23Abril22-63-300x300.jpg 300w, https:\/\/www.arpaz.pt\/portal\/wp-content\/uploads\/2022\/05\/InaugCIntArg23Abril22-63-100x100.jpg 100w\" sizes=\"auto, (max-width: 150px) 100vw, 150px\" \/><\/a>\n\t\t\t<\/div><\/figure><figure class='gallery-item'>\n\t\t\t<div class='gallery-icon landscape'>\n\t\t\t\t<a href='https:\/\/www.arpaz.pt\/portal\/centro-de-interpretacao-da-argemela-preserva-memoria-e-identidade-das-gentes-do-barco\/inaugcintarg23abril22-64\/'><img loading=\"lazy\" decoding=\"async\" width=\"150\" height=\"150\" src=\"https:\/\/www.arpaz.pt\/portal\/wp-content\/uploads\/2022\/05\/InaugCIntArg23Abril22-64-150x150.jpg\" class=\"attachment-thumbnail size-thumbnail\" alt=\"\" srcset=\"https:\/\/www.arpaz.pt\/portal\/wp-content\/uploads\/2022\/05\/InaugCIntArg23Abril22-64-150x150.jpg 150w, https:\/\/www.arpaz.pt\/portal\/wp-content\/uploads\/2022\/05\/InaugCIntArg23Abril22-64-300x300.jpg 300w, https:\/\/www.arpaz.pt\/portal\/wp-content\/uploads\/2022\/05\/InaugCIntArg23Abril22-64-100x100.jpg 100w\" sizes=\"auto, (max-width: 150px) 100vw, 150px\" \/><\/a>\n\t\t\t<\/div><\/figure><figure class='gallery-item'>\n\t\t\t<div class='gallery-icon landscape'>\n\t\t\t\t<a href='https:\/\/www.arpaz.pt\/portal\/centro-de-interpretacao-da-argemela-preserva-memoria-e-identidade-das-gentes-do-barco\/inaugcintarg23abril22-66\/'><img loading=\"lazy\" decoding=\"async\" width=\"150\" height=\"150\" src=\"https:\/\/www.arpaz.pt\/portal\/wp-content\/uploads\/2022\/05\/InaugCIntArg23Abril22-66-150x150.jpg\" class=\"attachment-thumbnail size-thumbnail\" alt=\"\" srcset=\"https:\/\/www.arpaz.pt\/portal\/wp-content\/uploads\/2022\/05\/InaugCIntArg23Abril22-66-150x150.jpg 150w, https:\/\/www.arpaz.pt\/portal\/wp-content\/uploads\/2022\/05\/InaugCIntArg23Abril22-66-300x300.jpg 300w, https:\/\/www.arpaz.pt\/portal\/wp-content\/uploads\/2022\/05\/InaugCIntArg23Abril22-66-100x100.jpg 100w\" sizes=\"auto, (max-width: 150px) 100vw, 150px\" \/><\/a>\n\t\t\t<\/div><\/figure><figure class='gallery-item'>\n\t\t\t<div class='gallery-icon landscape'>\n\t\t\t\t<a href='https:\/\/www.arpaz.pt\/portal\/centro-de-interpretacao-da-argemela-preserva-memoria-e-identidade-das-gentes-do-barco\/inaugcintarg23abril22-67\/'><img loading=\"lazy\" decoding=\"async\" width=\"150\" height=\"150\" src=\"https:\/\/www.arpaz.pt\/portal\/wp-content\/uploads\/2022\/05\/InaugCIntArg23Abril22-67-150x150.jpg\" class=\"attachment-thumbnail size-thumbnail\" alt=\"\" srcset=\"https:\/\/www.arpaz.pt\/portal\/wp-content\/uploads\/2022\/05\/InaugCIntArg23Abril22-67-150x150.jpg 150w, https:\/\/www.arpaz.pt\/portal\/wp-content\/uploads\/2022\/05\/InaugCIntArg23Abril22-67-300x300.jpg 300w, https:\/\/www.arpaz.pt\/portal\/wp-content\/uploads\/2022\/05\/InaugCIntArg23Abril22-67-100x100.jpg 100w\" sizes=\"auto, (max-width: 150px) 100vw, 150px\" \/><\/a>\n\t\t\t<\/div><\/figure><figure class='gallery-item'>\n\t\t\t<div class='gallery-icon landscape'>\n\t\t\t\t<a href='https:\/\/www.arpaz.pt\/portal\/centro-de-interpretacao-da-argemela-preserva-memoria-e-identidade-das-gentes-do-barco\/inaugcintarg23abril22-68\/'><img loading=\"lazy\" decoding=\"async\" width=\"150\" height=\"150\" src=\"https:\/\/www.arpaz.pt\/portal\/wp-content\/uploads\/2022\/05\/InaugCIntArg23Abril22-68-150x150.jpg\" class=\"attachment-thumbnail size-thumbnail\" alt=\"\" srcset=\"https:\/\/www.arpaz.pt\/portal\/wp-content\/uploads\/2022\/05\/InaugCIntArg23Abril22-68-150x150.jpg 150w, https:\/\/www.arpaz.pt\/portal\/wp-content\/uploads\/2022\/05\/InaugCIntArg23Abril22-68-300x300.jpg 300w, https:\/\/www.arpaz.pt\/portal\/wp-content\/uploads\/2022\/05\/InaugCIntArg23Abril22-68-100x100.jpg 100w\" sizes=\"auto, (max-width: 150px) 100vw, 150px\" \/><\/a>\n\t\t\t<\/div><\/figure><figure class='gallery-item'>\n\t\t\t<div class='gallery-icon landscape'>\n\t\t\t\t<a href='https:\/\/www.arpaz.pt\/portal\/centro-de-interpretacao-da-argemela-preserva-memoria-e-identidade-das-gentes-do-barco\/inaugcintarg23abril22-69\/'><img loading=\"lazy\" decoding=\"async\" width=\"150\" height=\"150\" src=\"https:\/\/www.arpaz.pt\/portal\/wp-content\/uploads\/2022\/05\/InaugCIntArg23Abril22-69-150x150.jpg\" class=\"attachment-thumbnail size-thumbnail\" alt=\"\" srcset=\"https:\/\/www.arpaz.pt\/portal\/wp-content\/uploads\/2022\/05\/InaugCIntArg23Abril22-69-150x150.jpg 150w, https:\/\/www.arpaz.pt\/portal\/wp-content\/uploads\/2022\/05\/InaugCIntArg23Abril22-69-300x300.jpg 300w, https:\/\/www.arpaz.pt\/portal\/wp-content\/uploads\/2022\/05\/InaugCIntArg23Abril22-69-100x100.jpg 100w\" sizes=\"auto, (max-width: 150px) 100vw, 150px\" \/><\/a>\n\t\t\t<\/div><\/figure><figure class='gallery-item'>\n\t\t\t<div class='gallery-icon landscape'>\n\t\t\t\t<a href='https:\/\/www.arpaz.pt\/portal\/centro-de-interpretacao-da-argemela-preserva-memoria-e-identidade-das-gentes-do-barco\/inaugcintarg23abril22-70\/'><img loading=\"lazy\" decoding=\"async\" width=\"150\" height=\"150\" src=\"https:\/\/www.arpaz.pt\/portal\/wp-content\/uploads\/2022\/05\/InaugCIntArg23Abril22-70-150x150.jpg\" class=\"attachment-thumbnail size-thumbnail\" alt=\"\" srcset=\"https:\/\/www.arpaz.pt\/portal\/wp-content\/uploads\/2022\/05\/InaugCIntArg23Abril22-70-150x150.jpg 150w, https:\/\/www.arpaz.pt\/portal\/wp-content\/uploads\/2022\/05\/InaugCIntArg23Abril22-70-300x300.jpg 300w, https:\/\/www.arpaz.pt\/portal\/wp-content\/uploads\/2022\/05\/InaugCIntArg23Abril22-70-100x100.jpg 100w\" sizes=\"auto, (max-width: 150px) 100vw, 150px\" \/><\/a>\n\t\t\t<\/div><\/figure><figure class='gallery-item'>\n\t\t\t<div class='gallery-icon landscape'>\n\t\t\t\t<a href='https:\/\/www.arpaz.pt\/portal\/centro-de-interpretacao-da-argemela-preserva-memoria-e-identidade-das-gentes-do-barco\/inaugcintarg23abril22-71\/'><img loading=\"lazy\" decoding=\"async\" width=\"150\" height=\"150\" src=\"https:\/\/www.arpaz.pt\/portal\/wp-content\/uploads\/2022\/05\/InaugCIntArg23Abril22-71-150x150.jpg\" class=\"attachment-thumbnail size-thumbnail\" alt=\"\" srcset=\"https:\/\/www.arpaz.pt\/portal\/wp-content\/uploads\/2022\/05\/InaugCIntArg23Abril22-71-150x150.jpg 150w, https:\/\/www.arpaz.pt\/portal\/wp-content\/uploads\/2022\/05\/InaugCIntArg23Abril22-71-300x300.jpg 300w, https:\/\/www.arpaz.pt\/portal\/wp-content\/uploads\/2022\/05\/InaugCIntArg23Abril22-71-100x100.jpg 100w\" sizes=\"auto, (max-width: 150px) 100vw, 150px\" \/><\/a>\n\t\t\t<\/div><\/figure><figure class='gallery-item'>\n\t\t\t<div class='gallery-icon landscape'>\n\t\t\t\t<a href='https:\/\/www.arpaz.pt\/portal\/centro-de-interpretacao-da-argemela-preserva-memoria-e-identidade-das-gentes-do-barco\/inaugcintarg23abril22-72\/'><img loading=\"lazy\" decoding=\"async\" width=\"150\" height=\"150\" src=\"https:\/\/www.arpaz.pt\/portal\/wp-content\/uploads\/2022\/05\/InaugCIntArg23Abril22-72-150x150.jpg\" class=\"attachment-thumbnail size-thumbnail\" alt=\"\" srcset=\"https:\/\/www.arpaz.pt\/portal\/wp-content\/uploads\/2022\/05\/InaugCIntArg23Abril22-72-150x150.jpg 150w, https:\/\/www.arpaz.pt\/portal\/wp-content\/uploads\/2022\/05\/InaugCIntArg23Abril22-72-300x300.jpg 300w, https:\/\/www.arpaz.pt\/portal\/wp-content\/uploads\/2022\/05\/InaugCIntArg23Abril22-72-100x100.jpg 100w\" sizes=\"auto, (max-width: 150px) 100vw, 150px\" \/><\/a>\n\t\t\t<\/div><\/figure><figure class='gallery-item'>\n\t\t\t<div class='gallery-icon landscape'>\n\t\t\t\t<a href='https:\/\/www.arpaz.pt\/portal\/centro-de-interpretacao-da-argemela-preserva-memoria-e-identidade-das-gentes-do-barco\/inaugcintarg23abril22-73\/'><img loading=\"lazy\" decoding=\"async\" width=\"150\" height=\"150\" src=\"https:\/\/www.arpaz.pt\/portal\/wp-content\/uploads\/2022\/05\/InaugCIntArg23Abril22-73-150x150.jpg\" class=\"attachment-thumbnail size-thumbnail\" alt=\"\" srcset=\"https:\/\/www.arpaz.pt\/portal\/wp-content\/uploads\/2022\/05\/InaugCIntArg23Abril22-73-150x150.jpg 150w, https:\/\/www.arpaz.pt\/portal\/wp-content\/uploads\/2022\/05\/InaugCIntArg23Abril22-73-300x300.jpg 300w, https:\/\/www.arpaz.pt\/portal\/wp-content\/uploads\/2022\/05\/InaugCIntArg23Abril22-73-100x100.jpg 100w\" sizes=\"auto, (max-width: 150px) 100vw, 150px\" \/><\/a>\n\t\t\t<\/div><\/figure><figure class='gallery-item'>\n\t\t\t<div class='gallery-icon landscape'>\n\t\t\t\t<a href='https:\/\/www.arpaz.pt\/portal\/centro-de-interpretacao-da-argemela-preserva-memoria-e-identidade-das-gentes-do-barco\/inaugcintarg23abril22-74\/'><img loading=\"lazy\" decoding=\"async\" width=\"150\" height=\"150\" src=\"https:\/\/www.arpaz.pt\/portal\/wp-content\/uploads\/2022\/05\/InaugCIntArg23Abril22-74-150x150.jpg\" class=\"attachment-thumbnail size-thumbnail\" alt=\"\" srcset=\"https:\/\/www.arpaz.pt\/portal\/wp-content\/uploads\/2022\/05\/InaugCIntArg23Abril22-74-150x150.jpg 150w, https:\/\/www.arpaz.pt\/portal\/wp-content\/uploads\/2022\/05\/InaugCIntArg23Abril22-74-300x300.jpg 300w, https:\/\/www.arpaz.pt\/portal\/wp-content\/uploads\/2022\/05\/InaugCIntArg23Abril22-74-100x100.jpg 100w\" sizes=\"auto, (max-width: 150px) 100vw, 150px\" \/><\/a>\n\t\t\t<\/div><\/figure><figure class='gallery-item'>\n\t\t\t<div class='gallery-icon landscape'>\n\t\t\t\t<a href='https:\/\/www.arpaz.pt\/portal\/centro-de-interpretacao-da-argemela-preserva-memoria-e-identidade-das-gentes-do-barco\/inaugcintarg23abril22-75\/'><img loading=\"lazy\" decoding=\"async\" width=\"150\" height=\"150\" src=\"https:\/\/www.arpaz.pt\/portal\/wp-content\/uploads\/2022\/05\/InaugCIntArg23Abril22-75-150x150.jpg\" class=\"attachment-thumbnail size-thumbnail\" alt=\"\" srcset=\"https:\/\/www.arpaz.pt\/portal\/wp-content\/uploads\/2022\/05\/InaugCIntArg23Abril22-75-150x150.jpg 150w, https:\/\/www.arpaz.pt\/portal\/wp-content\/uploads\/2022\/05\/InaugCIntArg23Abril22-75-300x300.jpg 300w, https:\/\/www.arpaz.pt\/portal\/wp-content\/uploads\/2022\/05\/InaugCIntArg23Abril22-75-100x100.jpg 100w\" sizes=\"auto, (max-width: 150px) 100vw, 150px\" \/><\/a>\n\t\t\t<\/div><\/figure><figure class='gallery-item'>\n\t\t\t<div class='gallery-icon landscape'>\n\t\t\t\t<a href='https:\/\/www.arpaz.pt\/portal\/centro-de-interpretacao-da-argemela-preserva-memoria-e-identidade-das-gentes-do-barco\/inaugcintarg23abril22-76\/'><img loading=\"lazy\" decoding=\"async\" width=\"150\" height=\"150\" src=\"https:\/\/www.arpaz.pt\/portal\/wp-content\/uploads\/2022\/05\/InaugCIntArg23Abril22-76-150x150.jpg\" class=\"attachment-thumbnail size-thumbnail\" alt=\"\" srcset=\"https:\/\/www.arpaz.pt\/portal\/wp-content\/uploads\/2022\/05\/InaugCIntArg23Abril22-76-150x150.jpg 150w, https:\/\/www.arpaz.pt\/portal\/wp-content\/uploads\/2022\/05\/InaugCIntArg23Abril22-76-300x300.jpg 300w, https:\/\/www.arpaz.pt\/portal\/wp-content\/uploads\/2022\/05\/InaugCIntArg23Abril22-76-100x100.jpg 100w\" sizes=\"auto, (max-width: 150px) 100vw, 150px\" \/><\/a>\n\t\t\t<\/div><\/figure><figure class='gallery-item'>\n\t\t\t<div class='gallery-icon landscape'>\n\t\t\t\t<a href='https:\/\/www.arpaz.pt\/portal\/centro-de-interpretacao-da-argemela-preserva-memoria-e-identidade-das-gentes-do-barco\/inaugcintarg23abril22-77\/'><img loading=\"lazy\" decoding=\"async\" width=\"150\" height=\"150\" src=\"https:\/\/www.arpaz.pt\/portal\/wp-content\/uploads\/2022\/05\/InaugCIntArg23Abril22-77-150x150.jpg\" class=\"attachment-thumbnail size-thumbnail\" alt=\"\" srcset=\"https:\/\/www.arpaz.pt\/portal\/wp-content\/uploads\/2022\/05\/InaugCIntArg23Abril22-77-150x150.jpg 150w, https:\/\/www.arpaz.pt\/portal\/wp-content\/uploads\/2022\/05\/InaugCIntArg23Abril22-77-300x300.jpg 300w, https:\/\/www.arpaz.pt\/portal\/wp-content\/uploads\/2022\/05\/InaugCIntArg23Abril22-77-100x100.jpg 100w\" sizes=\"auto, (max-width: 150px) 100vw, 150px\" \/><\/a>\n\t\t\t<\/div><\/figure><figure class='gallery-item'>\n\t\t\t<div class='gallery-icon landscape'>\n\t\t\t\t<a href='https:\/\/www.arpaz.pt\/portal\/centro-de-interpretacao-da-argemela-preserva-memoria-e-identidade-das-gentes-do-barco\/inaugcintarg23abril22-78\/'><img loading=\"lazy\" decoding=\"async\" width=\"150\" height=\"150\" src=\"https:\/\/www.arpaz.pt\/portal\/wp-content\/uploads\/2022\/05\/InaugCIntArg23Abril22-78-150x150.jpg\" class=\"attachment-thumbnail size-thumbnail\" alt=\"\" srcset=\"https:\/\/www.arpaz.pt\/portal\/wp-content\/uploads\/2022\/05\/InaugCIntArg23Abril22-78-150x150.jpg 150w, https:\/\/www.arpaz.pt\/portal\/wp-content\/uploads\/2022\/05\/InaugCIntArg23Abril22-78-300x300.jpg 300w, https:\/\/www.arpaz.pt\/portal\/wp-content\/uploads\/2022\/05\/InaugCIntArg23Abril22-78-100x100.jpg 100w\" sizes=\"auto, (max-width: 150px) 100vw, 150px\" \/><\/a>\n\t\t\t<\/div><\/figure><figure class='gallery-item'>\n\t\t\t<div class='gallery-icon landscape'>\n\t\t\t\t<a href='https:\/\/www.arpaz.pt\/portal\/centro-de-interpretacao-da-argemela-preserva-memoria-e-identidade-das-gentes-do-barco\/inaugcintarg23abril22-79\/'><img loading=\"lazy\" decoding=\"async\" width=\"150\" height=\"150\" src=\"https:\/\/www.arpaz.pt\/portal\/wp-content\/uploads\/2022\/05\/InaugCIntArg23Abril22-79-150x150.jpg\" class=\"attachment-thumbnail size-thumbnail\" alt=\"\" srcset=\"https:\/\/www.arpaz.pt\/portal\/wp-content\/uploads\/2022\/05\/InaugCIntArg23Abril22-79-150x150.jpg 150w, https:\/\/www.arpaz.pt\/portal\/wp-content\/uploads\/2022\/05\/InaugCIntArg23Abril22-79-300x300.jpg 300w, https:\/\/www.arpaz.pt\/portal\/wp-content\/uploads\/2022\/05\/InaugCIntArg23Abril22-79-100x100.jpg 100w\" sizes=\"auto, (max-width: 150px) 100vw, 150px\" \/><\/a>\n\t\t\t<\/div><\/figure><figure class='gallery-item'>\n\t\t\t<div class='gallery-icon landscape'>\n\t\t\t\t<a href='https:\/\/www.arpaz.pt\/portal\/centro-de-interpretacao-da-argemela-preserva-memoria-e-identidade-das-gentes-do-barco\/inaugcintarg23abril22-80\/'><img loading=\"lazy\" decoding=\"async\" width=\"150\" height=\"150\" src=\"https:\/\/www.arpaz.pt\/portal\/wp-content\/uploads\/2022\/05\/InaugCIntArg23Abril22-80-150x150.jpg\" class=\"attachment-thumbnail size-thumbnail\" alt=\"\" srcset=\"https:\/\/www.arpaz.pt\/portal\/wp-content\/uploads\/2022\/05\/InaugCIntArg23Abril22-80-150x150.jpg 150w, https:\/\/www.arpaz.pt\/portal\/wp-content\/uploads\/2022\/05\/InaugCIntArg23Abril22-80-300x300.jpg 300w, https:\/\/www.arpaz.pt\/portal\/wp-content\/uploads\/2022\/05\/InaugCIntArg23Abril22-80-100x100.jpg 100w\" sizes=\"auto, (max-width: 150px) 100vw, 150px\" \/><\/a>\n\t\t\t<\/div><\/figure><figure class='gallery-item'>\n\t\t\t<div class='gallery-icon landscape'>\n\t\t\t\t<a href='https:\/\/www.arpaz.pt\/portal\/centro-de-interpretacao-da-argemela-preserva-memoria-e-identidade-das-gentes-do-barco\/inaugcintarg23abril22-81\/'><img loading=\"lazy\" decoding=\"async\" width=\"150\" height=\"150\" src=\"https:\/\/www.arpaz.pt\/portal\/wp-content\/uploads\/2022\/05\/InaugCIntArg23Abril22-81-150x150.jpg\" class=\"attachment-thumbnail size-thumbnail\" alt=\"\" srcset=\"https:\/\/www.arpaz.pt\/portal\/wp-content\/uploads\/2022\/05\/InaugCIntArg23Abril22-81-150x150.jpg 150w, https:\/\/www.arpaz.pt\/portal\/wp-content\/uploads\/2022\/05\/InaugCIntArg23Abril22-81-300x300.jpg 300w, https:\/\/www.arpaz.pt\/portal\/wp-content\/uploads\/2022\/05\/InaugCIntArg23Abril22-81-100x100.jpg 100w\" sizes=\"auto, (max-width: 150px) 100vw, 150px\" \/><\/a>\n\t\t\t<\/div><\/figure><figure class='gallery-item'>\n\t\t\t<div class='gallery-icon landscape'>\n\t\t\t\t<a href='https:\/\/www.arpaz.pt\/portal\/centro-de-interpretacao-da-argemela-preserva-memoria-e-identidade-das-gentes-do-barco\/inaugcintarg23abril22-82\/'><img loading=\"lazy\" decoding=\"async\" width=\"150\" height=\"150\" src=\"https:\/\/www.arpaz.pt\/portal\/wp-content\/uploads\/2022\/05\/InaugCIntArg23Abril22-82--150x150.jpg\" class=\"attachment-thumbnail size-thumbnail\" alt=\"\" srcset=\"https:\/\/www.arpaz.pt\/portal\/wp-content\/uploads\/2022\/05\/InaugCIntArg23Abril22-82--150x150.jpg 150w, https:\/\/www.arpaz.pt\/portal\/wp-content\/uploads\/2022\/05\/InaugCIntArg23Abril22-82--300x300.jpg 300w, https:\/\/www.arpaz.pt\/portal\/wp-content\/uploads\/2022\/05\/InaugCIntArg23Abril22-82--100x100.jpg 100w\" sizes=\"auto, (max-width: 150px) 100vw, 150px\" \/><\/a>\n\t\t\t<\/div><\/figure><figure class='gallery-item'>\n\t\t\t<div class='gallery-icon landscape'>\n\t\t\t\t<a href='https:\/\/www.arpaz.pt\/portal\/centro-de-interpretacao-da-argemela-preserva-memoria-e-identidade-das-gentes-do-barco\/inaugcintarg23abril22-83\/'><img loading=\"lazy\" decoding=\"async\" width=\"150\" height=\"150\" src=\"https:\/\/www.arpaz.pt\/portal\/wp-content\/uploads\/2022\/05\/InaugCIntArg23Abril22-83--150x150.jpg\" class=\"attachment-thumbnail size-thumbnail\" alt=\"\" srcset=\"https:\/\/www.arpaz.pt\/portal\/wp-content\/uploads\/2022\/05\/InaugCIntArg23Abril22-83--150x150.jpg 150w, https:\/\/www.arpaz.pt\/portal\/wp-content\/uploads\/2022\/05\/InaugCIntArg23Abril22-83--300x300.jpg 300w, https:\/\/www.arpaz.pt\/portal\/wp-content\/uploads\/2022\/05\/InaugCIntArg23Abril22-83--100x100.jpg 100w\" sizes=\"auto, (max-width: 150px) 100vw, 150px\" \/><\/a>\n\t\t\t<\/div><\/figure>\n\t\t<\/div>\n\n<p style=\"font-weight: 400;\">\n<p style=\"font-weight: 400;\">\n","protected":false},"excerpt":{"rendered":"<p>O Centro de Interpreta\u00e7\u00e3o da Argemela \u00e9 o mais recente detentor da mem\u00f3ria e identidade das terras e das gentes que se fixaram em torno do Rio Z\u00eazere e da Serra da Argemela. Situado no Barco, onde outrora teve lugar a \u201cvelha loja do Senhor Albano\u201d, nasceu este espa\u00e7o, por iniciativa da ARPAZ e comunidade local, e foi ontem inaugurado, a prop\u00f3sito das comemora\u00e7\u00f5es do&hellip; <\/p>\n","protected":false},"author":1,"featured_media":1509,"comment_status":"closed","ping_status":"closed","sticky":false,"template":"","format":"standard","meta":{"_bbp_topic_count":0,"_bbp_reply_count":0,"_bbp_total_topic_count":0,"_bbp_total_reply_count":0,"_bbp_voice_count":0,"_bbp_anonymous_reply_count":0,"_bbp_topic_count_hidden":0,"_bbp_reply_count_hidden":0,"_bbp_forum_subforum_count":0,"_jetpack_memberships_contains_paid_content":false,"footnotes":""},"categories":[31,3],"tags":[],"class_list":["post-1490","post","type-post","status-publish","format-standard","has-post-thumbnail","hentry","category-atualidades","category-uncategorized","clearfix"],"jetpack_featured_media_url":"https:\/\/www.arpaz.pt\/portal\/wp-content\/uploads\/2022\/05\/InaugCIntArg23Abril22-21.jpg","jetpack_sharing_enabled":true,"_links":{"self":[{"href":"https:\/\/www.arpaz.pt\/portal\/wp-json\/wp\/v2\/posts\/1490","targetHints":{"allow":["GET"]}}],"collection":[{"href":"https:\/\/www.arpaz.pt\/portal\/wp-json\/wp\/v2\/posts"}],"about":[{"href":"https:\/\/www.arpaz.pt\/portal\/wp-json\/wp\/v2\/types\/post"}],"author":[{"embeddable":true,"href":"https:\/\/www.arpaz.pt\/portal\/wp-json\/wp\/v2\/users\/1"}],"replies":[{"embeddable":true,"href":"https:\/\/www.arpaz.pt\/portal\/wp-json\/wp\/v2\/comments?post=1490"}],"version-history":[{"count":6,"href":"https:\/\/www.arpaz.pt\/portal\/wp-json\/wp\/v2\/posts\/1490\/revisions"}],"predecessor-version":[{"id":1579,"href":"https:\/\/www.arpaz.pt\/portal\/wp-json\/wp\/v2\/posts\/1490\/revisions\/1579"}],"wp:featuredmedia":[{"embeddable":true,"href":"https:\/\/www.arpaz.pt\/portal\/wp-json\/wp\/v2\/media\/1509"}],"wp:attachment":[{"href":"https:\/\/www.arpaz.pt\/portal\/wp-json\/wp\/v2\/media?parent=1490"}],"wp:term":[{"taxonomy":"category","embeddable":true,"href":"https:\/\/www.arpaz.pt\/portal\/wp-json\/wp\/v2\/categories?post=1490"},{"taxonomy":"post_tag","embeddable":true,"href":"https:\/\/www.arpaz.pt\/portal\/wp-json\/wp\/v2\/tags?post=1490"}],"curies":[{"name":"wp","href":"https:\/\/api.w.org\/{rel}","templated":true}]}}